{"id":9003,"date":"2026-01-26T12:51:50","date_gmt":"2026-01-26T11:51:50","guid":{"rendered":"https:\/\/concellodeourol.es\/actividade-de-unidade-terapeutica\/"},"modified":"2026-01-26T13:02:58","modified_gmt":"2026-01-26T12:02:58","slug":"actividade-de-unidade-terapeutica","status":"publish","type":"post","link":"https:\/\/concellodeourol.es\/es\/actividade-de-unidade-terapeutica\/","title":{"rendered":"Actividad de Unidad Terap\u00e9utica"},"content":{"rendered":"\n<p>Desde el Ayuntamiento informamos que en estos momentos contamos con PLAZAS disponibles en la UNIDAD TERAP\u00c9UTICA PARA PERSONAS CON DETERIORO COGNITIVO Y OTRAS DEMENCIAS. Esta actividad se realizar\u00e1 en colaboraci\u00f3n con la Asociaci\u00f3n de Familiares de Persoas con Alzheimer e outras demencias de Viveiro.<\/p>\n\n\n\n<p>Con este recurso pretendemos dar respuesta a\u00a0 una doble necesidad:<\/p>\n\n\n\n<ul class=\"wp-block-list\">\n<li>Proporcionar un recurso de respiro familiar para las personas cuidadoras.<\/li>\n\n\n\n<li>Mantener las capacidades f\u00edsicas y mentales de las personas beneficiarias y frenar en la medida de lo posible el proceso de deterioro.<\/li>\n<\/ul>\n\n\n\n<p>Para su desarrollo se cuenta con personal especializado (trabajadora social\/educadora social y auxiliar de enfermer\u00eda).<\/p>\n\n\n\n<p>Esta actividad  se est\u00e1 llevando a cabo los<strong>\u00a0MARTES<\/strong>\u00a0en horario de\u00a0<strong>16:00 A 19:00 H<\/strong>\u00a0(3HORAS) en el <strong>CENTRO SOCIAL DE MERILLE\u00a0<\/strong>y no tiene ning\u00fan coste econ\u00f3mico para la persona participante. Todas aquellas personas interesadas en este servicio pueden ponerse en contacto con el Departamento de Servizos Sociais do Concello o en los tel\u00e9fonos (982559109\/ 677489457)<\/p>\n\n\n\n<figure class=\"wp-block-image size-large\"><img fetchpriority=\"high\" decoding=\"async\" width=\"724\" height=\"1024\" src=\"https:\/\/concellodeourol.es\/wp-content\/uploads\/2026\/01\/actividade-unidade-terapeutica-ourol-724x1024.webp\" alt=\"\" class=\"wp-image-8997\" srcset=\"https:\/\/concellodeourol.es\/wp-content\/uploads\/2026\/01\/actividade-unidade-terapeutica-ourol-724x1024.webp 724w, https:\/\/concellodeourol.es\/wp-content\/uploads\/2026\/01\/actividade-unidade-terapeutica-ourol-212x300.webp 212w, https:\/\/concellodeourol.es\/wp-content\/uploads\/2026\/01\/actividade-unidade-terapeutica-ourol-768x1086.webp 768w, https:\/\/concellodeourol.es\/wp-content\/uploads\/2026\/01\/actividade-unidade-terapeutica-ourol-1086x1536.webp 1086w, https:\/\/concellodeourol.es\/wp-content\/uploads\/2026\/01\/actividade-unidade-terapeutica-ourol-1448x2048.webp 1448w, https:\/\/concellodeourol.es\/wp-content\/uploads\/2026\/01\/actividade-unidade-terapeutica-ourol-424x600.webp 424w, https:\/\/concellodeourol.es\/wp-content\/uploads\/2026\/01\/actividade-unidade-terapeutica-ourol-396x560.webp 396w, https:\/\/concellodeourol.es\/wp-content\/uploads\/2026\/01\/actividade-unidade-terapeutica-ourol.webp 1587w\" sizes=\"(max-width: 724px) 100vw, 724px\" \/><\/figure>\n","protected":false},"excerpt":{"rendered":"<p>Informamos que contamos con PLAZAS disponibles en la UNIDAD TERAP\u00c9UTICA PARA PERSONAS CON DETERIORO COGNITIVO Y OTRAS DEMENCIAS.<\/p>\n","protected":false},"author":1,"featured_media":9000,"comment_status":"closed","ping_status":"open","sticky":false,"template":"","format":"standard","meta":{"footnotes":""},"categories":[203,178,187],"tags":[],"class_list":["post-9003","post","type-post","status-publish","format-standard","has-post-thumbnail","hentry","category-asuntos-sociais-es","category-avisos-es","category-servizos-sociais-es"],"yoast_head":"<!-- This site is optimized with the Yoast SEO plugin v25.0 - https:\/\/yoast.com\/wordpress\/plugins\/seo\/ -->\n<title>Actividad de Unidad Terap\u00e9utica - Concello de Ourol<\/title>\n<meta name=\"description\" content=\"Informamos que contamos con PLAZAS disponibles en la UNIDAD TERAP\u00c9UTICA PARA PERSONAS CON DETERIORO COGNITIVO Y OTRAS DEMENCIAS.\" \/>\n<meta name=\"robots\" content=\"index, follow, max-snippet:-1, max-image-preview:large, max-video-preview:-1\" \/>\n<link rel=\"canonical\" href=\"https:\/\/concellodeourol.es\/es\/actividade-de-unidade-terapeutica\/\" \/>\n<meta property=\"og:locale\" content=\"es_ES\" \/>\n<meta property=\"og:type\" content=\"article\" \/>\n<meta property=\"og:title\" content=\"Actividad de Unidad Terap\u00e9utica - Concello de Ourol\" \/>\n<meta property=\"og:description\" content=\"Informamos que contamos con PLAZAS disponibles en la UNIDAD TERAP\u00c9UTICA PARA PERSONAS CON DETERIORO COGNITIVO Y OTRAS DEMENCIAS.\" \/>\n<meta property=\"og:url\" content=\"https:\/\/concellodeourol.es\/es\/actividade-de-unidade-terapeutica\/\" \/>\n<meta property=\"og:site_name\" content=\"Concello de Ourol\" \/>\n<meta property=\"article:publisher\" content=\"https:\/\/www.facebook.com\/ConcelloOurol\/\" \/>\n<meta property=\"article:published_time\" content=\"2026-01-26T11:51:50+00:00\" \/>\n<meta property=\"article:modified_time\" content=\"2026-01-26T12:02:58+00:00\" \/>\n<meta property=\"og:image\" content=\"https:\/\/concellodeourol.es\/wp-content\/uploads\/2026\/01\/actividade-unidade-terapeutica-ourol-cabecera.webp\" \/>\n\t<meta property=\"og:image:width\" content=\"560\" \/>\n\t<meta property=\"og:image:height\" content=\"400\" \/>\n\t<meta property=\"og:image:type\" content=\"image\/webp\" \/>\n<meta name=\"author\" content=\"Concello\" \/>\n<meta name=\"twitter:card\" content=\"summary_large_image\" \/>\n<meta name=\"twitter:label1\" content=\"Escrito por\" \/>\n\t<meta name=\"twitter:data1\" content=\"Concello\" \/>\n\t<meta name=\"twitter:label2\" content=\"Tiempo de lectura\" \/>\n\t<meta name=\"twitter:data2\" content=\"2 minutos\" \/>\n<script type=\"application\/ld+json\" class=\"yoast-schema-graph\">{\"@context\":\"https:\/\/schema.org\",\"@graph\":[{\"@type\":\"Article\",\"@id\":\"https:\/\/concellodeourol.es\/es\/actividade-de-unidade-terapeutica\/#article\",\"isPartOf\":{\"@id\":\"https:\/\/concellodeourol.es\/es\/actividade-de-unidade-terapeutica\/\"},\"author\":{\"name\":\"Concello\",\"@id\":\"https:\/\/concellodeourol.es\/#\/schema\/person\/bad2d6a8103b29ef8076f98879fe69e1\"},\"headline\":\"Actividad de Unidad Terap\u00e9utica\",\"datePublished\":\"2026-01-26T11:51:50+00:00\",\"dateModified\":\"2026-01-26T12:02:58+00:00\",\"mainEntityOfPage\":{\"@id\":\"https:\/\/concellodeourol.es\/es\/actividade-de-unidade-terapeutica\/\"},\"wordCount\":169,\"publisher\":{\"@id\":\"https:\/\/concellodeourol.es\/#organization\"},\"image\":{\"@id\":\"https:\/\/concellodeourol.es\/es\/actividade-de-unidade-terapeutica\/#primaryimage\"},\"thumbnailUrl\":\"https:\/\/concellodeourol.es\/wp-content\/uploads\/2026\/01\/actividade-unidade-terapeutica-ourol-cabecera.webp\",\"articleSection\":[\"Asuntos Sociais\",\"Avisos\",\"Servizos Sociais\"],\"inLanguage\":\"es\"},{\"@type\":\"WebPage\",\"@id\":\"https:\/\/concellodeourol.es\/es\/actividade-de-unidade-terapeutica\/\",\"url\":\"https:\/\/concellodeourol.es\/es\/actividade-de-unidade-terapeutica\/\",\"name\":\"Actividad de Unidad Terap\u00e9utica - Concello de Ourol\",\"isPartOf\":{\"@id\":\"https:\/\/concellodeourol.es\/#website\"},\"primaryImageOfPage\":{\"@id\":\"https:\/\/concellodeourol.es\/es\/actividade-de-unidade-terapeutica\/#primaryimage\"},\"image\":{\"@id\":\"https:\/\/concellodeourol.es\/es\/actividade-de-unidade-terapeutica\/#primaryimage\"},\"thumbnailUrl\":\"https:\/\/concellodeourol.es\/wp-content\/uploads\/2026\/01\/actividade-unidade-terapeutica-ourol-cabecera.webp\",\"datePublished\":\"2026-01-26T11:51:50+00:00\",\"dateModified\":\"2026-01-26T12:02:58+00:00\",\"description\":\"Informamos que contamos con PLAZAS disponibles en la UNIDAD TERAP\u00c9UTICA PARA PERSONAS CON DETERIORO COGNITIVO Y OTRAS DEMENCIAS.\",\"breadcrumb\":{\"@id\":\"https:\/\/concellodeourol.es\/es\/actividade-de-unidade-terapeutica\/#breadcrumb\"},\"inLanguage\":\"es\",\"potentialAction\":[{\"@type\":\"ReadAction\",\"target\":[\"https:\/\/concellodeourol.es\/es\/actividade-de-unidade-terapeutica\/\"]}]},{\"@type\":\"ImageObject\",\"inLanguage\":\"es\",\"@id\":\"https:\/\/concellodeourol.es\/es\/actividade-de-unidade-terapeutica\/#primaryimage\",\"url\":\"https:\/\/concellodeourol.es\/wp-content\/uploads\/2026\/01\/actividade-unidade-terapeutica-ourol-cabecera.webp\",\"contentUrl\":\"https:\/\/concellodeourol.es\/wp-content\/uploads\/2026\/01\/actividade-unidade-terapeutica-ourol-cabecera.webp\",\"width\":560,\"height\":400},{\"@type\":\"BreadcrumbList\",\"@id\":\"https:\/\/concellodeourol.es\/es\/actividade-de-unidade-terapeutica\/#breadcrumb\",\"itemListElement\":[{\"@type\":\"ListItem\",\"position\":1,\"name\":\"Inicio\",\"item\":\"https:\/\/concellodeourol.es\/es\/\"},{\"@type\":\"ListItem\",\"position\":2,\"name\":\"Actividad de Unidad Terap\u00e9utica\"}]},{\"@type\":\"WebSite\",\"@id\":\"https:\/\/concellodeourol.es\/#website\",\"url\":\"https:\/\/concellodeourol.es\/\",\"name\":\"Concello de Ourol\",\"description\":\"Informaci\u00f3n y Servicios\",\"publisher\":{\"@id\":\"https:\/\/concellodeourol.es\/#organization\"},\"potentialAction\":[{\"@type\":\"SearchAction\",\"target\":{\"@type\":\"EntryPoint\",\"urlTemplate\":\"https:\/\/concellodeourol.es\/?s={search_term_string}\"},\"query-input\":{\"@type\":\"PropertyValueSpecification\",\"valueRequired\":true,\"valueName\":\"search_term_string\"}}],\"inLanguage\":\"es\"},{\"@type\":\"Organization\",\"@id\":\"https:\/\/concellodeourol.es\/#organization\",\"name\":\"Concello de Ourol\",\"url\":\"https:\/\/concellodeourol.es\/\",\"logo\":{\"@type\":\"ImageObject\",\"inLanguage\":\"es\",\"@id\":\"https:\/\/concellodeourol.es\/#\/schema\/logo\/image\/\",\"url\":\"https:\/\/concellodeourol.es\/wp-content\/uploads\/2024\/05\/Escudo-Horizontal-concello-ourol.webp\",\"contentUrl\":\"https:\/\/concellodeourol.es\/wp-content\/uploads\/2024\/05\/Escudo-Horizontal-concello-ourol.webp\",\"width\":450,\"height\":197,\"caption\":\"Concello de Ourol\"},\"image\":{\"@id\":\"https:\/\/concellodeourol.es\/#\/schema\/logo\/image\/\"},\"sameAs\":[\"https:\/\/www.facebook.com\/ConcelloOurol\/\",\"https:\/\/www.instagram.com\/biblioourol\/?hl=es\"]},{\"@type\":\"Person\",\"@id\":\"https:\/\/concellodeourol.es\/#\/schema\/person\/bad2d6a8103b29ef8076f98879fe69e1\",\"name\":\"Concello\",\"image\":{\"@type\":\"ImageObject\",\"inLanguage\":\"es\",\"@id\":\"https:\/\/concellodeourol.es\/#\/schema\/person\/image\/\",\"url\":\"https:\/\/secure.gravatar.com\/avatar\/bdeed845a57046db85e873c0abfa53dd?s=96&d=mm&r=g\",\"contentUrl\":\"https:\/\/secure.gravatar.com\/avatar\/bdeed845a57046db85e873c0abfa53dd?s=96&d=mm&r=g\",\"caption\":\"Concello\"},\"url\":\"https:\/\/concellodeourol.es\/es\/author\/dalcore\/\"}]}<\/script>\n<!-- \/ Yoast SEO plugin. -->","yoast_head_json":{"title":"Actividad de Unidad Terap\u00e9utica - Concello de Ourol","description":"Informamos que contamos con PLAZAS disponibles en la UNIDAD TERAP\u00c9UTICA PARA PERSONAS CON DETERIORO COGNITIVO Y OTRAS DEMENCIAS.","robots":{"index":"index","follow":"follow","max-snippet":"max-snippet:-1","max-image-preview":"max-image-preview:large","max-video-preview":"max-video-preview:-1"},"canonical":"https:\/\/concellodeourol.es\/es\/actividade-de-unidade-terapeutica\/","og_locale":"es_ES","og_type":"article","og_title":"Actividad de Unidad Terap\u00e9utica - Concello de Ourol","og_description":"Informamos que contamos con PLAZAS disponibles en la UNIDAD TERAP\u00c9UTICA PARA PERSONAS CON DETERIORO COGNITIVO Y OTRAS DEMENCIAS.","og_url":"https:\/\/concellodeourol.es\/es\/actividade-de-unidade-terapeutica\/","og_site_name":"Concello de Ourol","article_publisher":"https:\/\/www.facebook.com\/ConcelloOurol\/","article_published_time":"2026-01-26T11:51:50+00:00","article_modified_time":"2026-01-26T12:02:58+00:00","og_image":[{"width":560,"height":400,"url":"https:\/\/concellodeourol.es\/wp-content\/uploads\/2026\/01\/actividade-unidade-terapeutica-ourol-cabecera.webp","type":"image\/webp"}],"author":"Concello","twitter_card":"summary_large_image","twitter_misc":{"Escrito por":"Concello","Tiempo de lectura":"2 minutos"},"schema":{"@context":"https:\/\/schema.org","@graph":[{"@type":"Article","@id":"https:\/\/concellodeourol.es\/es\/actividade-de-unidade-terapeutica\/#article","isPartOf":{"@id":"https:\/\/concellodeourol.es\/es\/actividade-de-unidade-terapeutica\/"},"author":{"name":"Concello","@id":"https:\/\/concellodeourol.es\/#\/schema\/person\/bad2d6a8103b29ef8076f98879fe69e1"},"headline":"Actividad de Unidad Terap\u00e9utica","datePublished":"2026-01-26T11:51:50+00:00","dateModified":"2026-01-26T12:02:58+00:00","mainEntityOfPage":{"@id":"https:\/\/concellodeourol.es\/es\/actividade-de-unidade-terapeutica\/"},"wordCount":169,"publisher":{"@id":"https:\/\/concellodeourol.es\/#organization"},"image":{"@id":"https:\/\/concellodeourol.es\/es\/actividade-de-unidade-terapeutica\/#primaryimage"},"thumbnailUrl":"https:\/\/concellodeourol.es\/wp-content\/uploads\/2026\/01\/actividade-unidade-terapeutica-ourol-cabecera.webp","articleSection":["Asuntos Sociais","Avisos","Servizos Sociais"],"inLanguage":"es"},{"@type":"WebPage","@id":"https:\/\/concellodeourol.es\/es\/actividade-de-unidade-terapeutica\/","url":"https:\/\/concellodeourol.es\/es\/actividade-de-unidade-terapeutica\/","name":"Actividad de Unidad Terap\u00e9utica - Concello de Ourol","isPartOf":{"@id":"https:\/\/concellodeourol.es\/#website"},"primaryImageOfPage":{"@id":"https:\/\/concellodeourol.es\/es\/actividade-de-unidade-terapeutica\/#primaryimage"},"image":{"@id":"https:\/\/concellodeourol.es\/es\/actividade-de-unidade-terapeutica\/#primaryimage"},"thumbnailUrl":"https:\/\/concellodeourol.es\/wp-content\/uploads\/2026\/01\/actividade-unidade-terapeutica-ourol-cabecera.webp","datePublished":"2026-01-26T11:51:50+00:00","dateModified":"2026-01-26T12:02:58+00:00","description":"Informamos que contamos con PLAZAS disponibles en la UNIDAD TERAP\u00c9UTICA PARA PERSONAS CON DETERIORO COGNITIVO Y OTRAS DEMENCIAS.","breadcrumb":{"@id":"https:\/\/concellodeourol.es\/es\/actividade-de-unidade-terapeutica\/#breadcrumb"},"inLanguage":"es","potentialAction":[{"@type":"ReadAction","target":["https:\/\/concellodeourol.es\/es\/actividade-de-unidade-terapeutica\/"]}]},{"@type":"ImageObject","inLanguage":"es","@id":"https:\/\/concellodeourol.es\/es\/actividade-de-unidade-terapeutica\/#primaryimage","url":"https:\/\/concellodeourol.es\/wp-content\/uploads\/2026\/01\/actividade-unidade-terapeutica-ourol-cabecera.webp","contentUrl":"https:\/\/concellodeourol.es\/wp-content\/uploads\/2026\/01\/actividade-unidade-terapeutica-ourol-cabecera.webp","width":560,"height":400},{"@type":"BreadcrumbList","@id":"https:\/\/concellodeourol.es\/es\/actividade-de-unidade-terapeutica\/#breadcrumb","itemListElement":[{"@type":"ListItem","position":1,"name":"Inicio","item":"https:\/\/concellodeourol.es\/es\/"},{"@type":"ListItem","position":2,"name":"Actividad de Unidad Terap\u00e9utica"}]},{"@type":"WebSite","@id":"https:\/\/concellodeourol.es\/#website","url":"https:\/\/concellodeourol.es\/","name":"Concello de Ourol","description":"Informaci\u00f3n y Servicios","publisher":{"@id":"https:\/\/concellodeourol.es\/#organization"},"potentialAction":[{"@type":"SearchAction","target":{"@type":"EntryPoint","urlTemplate":"https:\/\/concellodeourol.es\/?s={search_term_string}"},"query-input":{"@type":"PropertyValueSpecification","valueRequired":true,"valueName":"search_term_string"}}],"inLanguage":"es"},{"@type":"Organization","@id":"https:\/\/concellodeourol.es\/#organization","name":"Concello de Ourol","url":"https:\/\/concellodeourol.es\/","logo":{"@type":"ImageObject","inLanguage":"es","@id":"https:\/\/concellodeourol.es\/#\/schema\/logo\/image\/","url":"https:\/\/concellodeourol.es\/wp-content\/uploads\/2024\/05\/Escudo-Horizontal-concello-ourol.webp","contentUrl":"https:\/\/concellodeourol.es\/wp-content\/uploads\/2024\/05\/Escudo-Horizontal-concello-ourol.webp","width":450,"height":197,"caption":"Concello de Ourol"},"image":{"@id":"https:\/\/concellodeourol.es\/#\/schema\/logo\/image\/"},"sameAs":["https:\/\/www.facebook.com\/ConcelloOurol\/","https:\/\/www.instagram.com\/biblioourol\/?hl=es"]},{"@type":"Person","@id":"https:\/\/concellodeourol.es\/#\/schema\/person\/bad2d6a8103b29ef8076f98879fe69e1","name":"Concello","image":{"@type":"ImageObject","inLanguage":"es","@id":"https:\/\/concellodeourol.es\/#\/schema\/person\/image\/","url":"https:\/\/secure.gravatar.com\/avatar\/bdeed845a57046db85e873c0abfa53dd?s=96&d=mm&r=g","contentUrl":"https:\/\/secure.gravatar.com\/avatar\/bdeed845a57046db85e873c0abfa53dd?s=96&d=mm&r=g","caption":"Concello"},"url":"https:\/\/concellodeourol.es\/es\/author\/dalcore\/"}]}},"_links":{"self":[{"href":"https:\/\/concellodeourol.es\/es\/wp-json\/wp\/v2\/posts\/9003"}],"collection":[{"href":"https:\/\/concellodeourol.es\/es\/wp-json\/wp\/v2\/posts"}],"about":[{"href":"https:\/\/concellodeourol.es\/es\/wp-json\/wp\/v2\/types\/post"}],"author":[{"embeddable":true,"href":"https:\/\/concellodeourol.es\/es\/wp-json\/wp\/v2\/users\/1"}],"replies":[{"embeddable":true,"href":"https:\/\/concellodeourol.es\/es\/wp-json\/wp\/v2\/comments?post=9003"}],"version-history":[{"count":3,"href":"https:\/\/concellodeourol.es\/es\/wp-json\/wp\/v2\/posts\/9003\/revisions"}],"predecessor-version":[{"id":9007,"href":"https:\/\/concellodeourol.es\/es\/wp-json\/wp\/v2\/posts\/9003\/revisions\/9007"}],"wp:featuredmedia":[{"embeddable":true,"href":"https:\/\/concellodeourol.es\/es\/wp-json\/wp\/v2\/media\/9000"}],"wp:attachment":[{"href":"https:\/\/concellodeourol.es\/es\/wp-json\/wp\/v2\/media?parent=9003"}],"wp:term":[{"taxonomy":"category","embeddable":true,"href":"https:\/\/concellodeourol.es\/es\/wp-json\/wp\/v2\/categories?post=9003"},{"taxonomy":"post_tag","embeddable":true,"href":"https:\/\/concellodeourol.es\/es\/wp-json\/wp\/v2\/tags?post=9003"}],"curies":[{"name":"wp","href":"https:\/\/api.w.org\/{rel}","templated":true}]}}