{"id":8798,"date":"2025-09-26T13:43:33","date_gmt":"2025-09-26T12:43:33","guid":{"rendered":"https:\/\/concellodeourol.es\/convocatoria-de-subvencions-para-a-planificacion-enerxetica-de-entidades-locais-e-comunidades-enerxeticas\/"},"modified":"2025-09-26T15:47:07","modified_gmt":"2025-09-26T14:47:07","slug":"convocatoria-de-subvencions-para-a-planificacion-enerxetica-de-entidades-locais-e-comunidades-enerxeticas","status":"publish","type":"post","link":"https:\/\/concellodeourol.es\/es\/convocatoria-de-subvencions-para-a-planificacion-enerxetica-de-entidades-locais-e-comunidades-enerxeticas\/","title":{"rendered":"Convocatoria de subvenciones para la planificaci\u00f3n energ\u00e9tica de entidades locales y comunidades energ\u00e9ticas"},"content":{"rendered":"\n<p><strong>El Concello de Ourol<\/strong> solicit\u00f3 bajo la Resoluci\u00f3n del 25 de octubre de 2024 por la que se establecen las bases reguladoras y se anuncia la convocatoria, mediante tramitaci\u00f3n anticipada de gasto, del procedimiento de concesi\u00f3n de subvenciones para la planificaci\u00f3n energ\u00e9tica de entidades locales y comunidades energ\u00e9ticas. Anualidad 2025 (c\u00f3digo de procedimiento IN418E), una subvenci\u00f3n para constituir una comunidad energ\u00e9tica local en Ourol.<\/p>\n\n\n\n<p>Desde el <strong>Instituto Enerx\u00e9tico de Galicia (INEGA)<\/strong> se concede una ayuda para esta actuaci\u00f3n de constituci\u00f3n de comunidad energ\u00e9tica local en Ourol, por importe de 11.040,00 \u20ac.<\/p>\n\n\n\n<p>Actualmente, ya est\u00e1 legalmente constitu\u00edda dicha comunidad con el nombre de <strong>ASOCIACI\u00d3N COMUNIDADE ENERX\u00c9TICA DE OUROL<\/strong>; siendo unha asociaci\u00f3n sin \u00e1nimo de lucro cuyo objetivo principal es contribuir a la sostenibilidad energ\u00e9tica promoviendo la producci\u00f3n y el consumo de energ\u00eda renovable por parte de los vecinos, empresas y Administraci\u00f3n Local del Concello de Ourol.<\/p>\n\n\n\n<div class=\"wp-block-columns are-vertically-aligned-center is-layout-flex wp-container-core-columns-is-layout-1 wp-block-columns-is-layout-flex\">\n<div class=\"wp-block-column is-vertically-aligned-center is-layout-flow wp-block-column-is-layout-flow\">\n<figure class=\"wp-block-image size-full is-resized\"><img fetchpriority=\"high\" decoding=\"async\" width=\"450\" height=\"197\" src=\"https:\/\/concellodeourol.es\/wp-content\/uploads\/2024\/05\/Escudo-Horizontal-concello-ourol.webp\" alt=\"Concello de ourol\" class=\"wp-image-5776\" style=\"width:230px;height:auto\" srcset=\"https:\/\/concellodeourol.es\/wp-content\/uploads\/2024\/05\/Escudo-Horizontal-concello-ourol.webp 450w, https:\/\/concellodeourol.es\/wp-content\/uploads\/2024\/05\/Escudo-Horizontal-concello-ourol-300x131.webp 300w\" sizes=\"(max-width: 450px) 100vw, 450px\" \/><\/figure>\n<\/div>\n\n\n\n<div class=\"wp-block-column is-vertically-aligned-center is-layout-flow wp-block-column-is-layout-flow\"><div class=\"wp-block-image\">\n<figure class=\"aligncenter size-large is-resized\"><img decoding=\"async\" width=\"1024\" height=\"362\" src=\"https:\/\/concellodeourol.es\/wp-content\/uploads\/2025\/09\/FD52TOiXIAEf2xU-1024x362.png\" alt=\"\" class=\"wp-image-8793\" style=\"width:236px;height:auto\" srcset=\"https:\/\/concellodeourol.es\/wp-content\/uploads\/2025\/09\/FD52TOiXIAEf2xU-1024x362.png 1024w, https:\/\/concellodeourol.es\/wp-content\/uploads\/2025\/09\/FD52TOiXIAEf2xU-300x106.png 300w, https:\/\/concellodeourol.es\/wp-content\/uploads\/2025\/09\/FD52TOiXIAEf2xU-768x271.png 768w, https:\/\/concellodeourol.es\/wp-content\/uploads\/2025\/09\/FD52TOiXIAEf2xU-600x212.png 600w, https:\/\/concellodeourol.es\/wp-content\/uploads\/2025\/09\/FD52TOiXIAEf2xU-560x198.png 560w, https:\/\/concellodeourol.es\/wp-content\/uploads\/2025\/09\/FD52TOiXIAEf2xU.png 1277w\" sizes=\"(max-width: 1024px) 100vw, 1024px\" \/><\/figure><\/div><\/div>\n\n\n\n<div class=\"wp-block-column is-vertically-aligned-center is-layout-flow wp-block-column-is-layout-flow\">\n<figure class=\"wp-block-image size-full\"><img decoding=\"async\" width=\"450\" height=\"129\" src=\"https:\/\/concellodeourol.es\/wp-content\/uploads\/2025\/09\/Xunta-galicia.jpg.webp\" alt=\"\" class=\"wp-image-8795\" srcset=\"https:\/\/concellodeourol.es\/wp-content\/uploads\/2025\/09\/Xunta-galicia.jpg.webp 450w, https:\/\/concellodeourol.es\/wp-content\/uploads\/2025\/09\/Xunta-galicia.jpg-300x86.webp 300w\" sizes=\"(max-width: 450px) 100vw, 450px\" \/><\/figure>\n<\/div>\n<\/div>\n","protected":false},"excerpt":{"rendered":"<p>El Concello de Ourol solicit\u00f3 bajo la Resoluci\u00f3n del 25 de octubre de 2024 por la que se establecen las bases reguladoras y se anuncia la convocatoria, mediante tramitaci\u00f3n anticipada de gasto, del procedimiento de concesi\u00f3n de subvenciones para la planificaci\u00f3n energ\u00e9tica de entidades locales y comunidades energ\u00e9ticas. Anualidad 2025 (c\u00f3digo de procedimiento IN418E), una [&hellip;]<\/p>\n","protected":false},"author":1,"featured_media":7749,"comment_status":"closed","ping_status":"open","sticky":false,"template":"","format":"standard","meta":{"footnotes":""},"categories":[178,194],"tags":[193],"class_list":["post-8798","post","type-post","status-publish","format-standard","has-post-thumbnail","hentry","category-avisos-es","category-axudas-es","tag-comunidade-enerxetica-es"],"yoast_head":"<!-- This site is optimized with the Yoast SEO plugin v25.0 - https:\/\/yoast.com\/wordpress\/plugins\/seo\/ -->\n<title>Convocatoria de subvenciones para la planificaci\u00f3n energ\u00e9tica de entidades locales y comunidades energ\u00e9ticas - Concello de Ourol<\/title>\n<meta name=\"robots\" content=\"index, follow, max-snippet:-1, max-image-preview:large, max-video-preview:-1\" \/>\n<link rel=\"canonical\" href=\"https:\/\/concellodeourol.es\/es\/convocatoria-de-subvencions-para-a-planificacion-enerxetica-de-entidades-locais-e-comunidades-enerxeticas\/\" \/>\n<meta property=\"og:locale\" content=\"es_ES\" \/>\n<meta property=\"og:type\" content=\"article\" \/>\n<meta property=\"og:title\" content=\"Convocatoria de subvenciones para la planificaci\u00f3n energ\u00e9tica de entidades locales y comunidades energ\u00e9ticas - Concello de Ourol\" \/>\n<meta property=\"og:description\" content=\"El Concello de Ourol solicit\u00f3 bajo la Resoluci\u00f3n del 25 de octubre de 2024 por la que se establecen las bases reguladoras y se anuncia la convocatoria, mediante tramitaci\u00f3n anticipada de gasto, del procedimiento de concesi\u00f3n de subvenciones para la planificaci\u00f3n energ\u00e9tica de entidades locales y comunidades energ\u00e9ticas. Anualidad 2025 (c\u00f3digo de procedimiento IN418E), una [&hellip;]\" \/>\n<meta property=\"og:url\" content=\"https:\/\/concellodeourol.es\/es\/convocatoria-de-subvencions-para-a-planificacion-enerxetica-de-entidades-locais-e-comunidades-enerxeticas\/\" \/>\n<meta property=\"og:site_name\" content=\"Concello de Ourol\" \/>\n<meta property=\"article:publisher\" content=\"https:\/\/www.facebook.com\/ConcelloOurol\/\" \/>\n<meta property=\"article:published_time\" content=\"2025-09-26T12:43:33+00:00\" \/>\n<meta property=\"article:modified_time\" content=\"2025-09-26T14:47:07+00:00\" \/>\n<meta property=\"og:image\" content=\"https:\/\/concellodeourol.es\/wp-content\/uploads\/2024\/07\/Casa-do-concello-ourol.webp\" \/>\n\t<meta property=\"og:image:width\" content=\"1500\" \/>\n\t<meta property=\"og:image:height\" content=\"1035\" \/>\n\t<meta property=\"og:image:type\" content=\"image\/webp\" \/>\n<meta name=\"author\" content=\"Concello\" \/>\n<meta name=\"twitter:card\" content=\"summary_large_image\" \/>\n<meta name=\"twitter:label1\" content=\"Escrito por\" \/>\n\t<meta name=\"twitter:data1\" content=\"Concello\" \/>\n\t<meta name=\"twitter:label2\" content=\"Tiempo de lectura\" \/>\n\t<meta name=\"twitter:data2\" content=\"2 minutos\" \/>\n<script type=\"application\/ld+json\" class=\"yoast-schema-graph\">{\"@context\":\"https:\/\/schema.org\",\"@graph\":[{\"@type\":\"Article\",\"@id\":\"https:\/\/concellodeourol.es\/es\/convocatoria-de-subvencions-para-a-planificacion-enerxetica-de-entidades-locais-e-comunidades-enerxeticas\/#article\",\"isPartOf\":{\"@id\":\"https:\/\/concellodeourol.es\/es\/convocatoria-de-subvencions-para-a-planificacion-enerxetica-de-entidades-locais-e-comunidades-enerxeticas\/\"},\"author\":{\"name\":\"Concello\",\"@id\":\"https:\/\/concellodeourol.es\/#\/schema\/person\/bad2d6a8103b29ef8076f98879fe69e1\"},\"headline\":\"Convocatoria de subvenciones para la planificaci\u00f3n energ\u00e9tica de entidades locales y comunidades energ\u00e9ticas\",\"datePublished\":\"2025-09-26T12:43:33+00:00\",\"dateModified\":\"2025-09-26T14:47:07+00:00\",\"mainEntityOfPage\":{\"@id\":\"https:\/\/concellodeourol.es\/es\/convocatoria-de-subvencions-para-a-planificacion-enerxetica-de-entidades-locais-e-comunidades-enerxeticas\/\"},\"wordCount\":178,\"publisher\":{\"@id\":\"https:\/\/concellodeourol.es\/#organization\"},\"image\":{\"@id\":\"https:\/\/concellodeourol.es\/es\/convocatoria-de-subvencions-para-a-planificacion-enerxetica-de-entidades-locais-e-comunidades-enerxeticas\/#primaryimage\"},\"thumbnailUrl\":\"https:\/\/concellodeourol.es\/wp-content\/uploads\/2024\/07\/Casa-do-concello-ourol.webp\",\"keywords\":[\"Comunidade Enerx\u00e9tica\"],\"articleSection\":[\"Avisos\",\"Axudas\"],\"inLanguage\":\"es\"},{\"@type\":\"WebPage\",\"@id\":\"https:\/\/concellodeourol.es\/es\/convocatoria-de-subvencions-para-a-planificacion-enerxetica-de-entidades-locais-e-comunidades-enerxeticas\/\",\"url\":\"https:\/\/concellodeourol.es\/es\/convocatoria-de-subvencions-para-a-planificacion-enerxetica-de-entidades-locais-e-comunidades-enerxeticas\/\",\"name\":\"Convocatoria de subvenciones para la planificaci\u00f3n energ\u00e9tica de entidades locales y comunidades energ\u00e9ticas - Concello de Ourol\",\"isPartOf\":{\"@id\":\"https:\/\/concellodeourol.es\/#website\"},\"primaryImageOfPage\":{\"@id\":\"https:\/\/concellodeourol.es\/es\/convocatoria-de-subvencions-para-a-planificacion-enerxetica-de-entidades-locais-e-comunidades-enerxeticas\/#primaryimage\"},\"image\":{\"@id\":\"https:\/\/concellodeourol.es\/es\/convocatoria-de-subvencions-para-a-planificacion-enerxetica-de-entidades-locais-e-comunidades-enerxeticas\/#primaryimage\"},\"thumbnailUrl\":\"https:\/\/concellodeourol.es\/wp-content\/uploads\/2024\/07\/Casa-do-concello-ourol.webp\",\"datePublished\":\"2025-09-26T12:43:33+00:00\",\"dateModified\":\"2025-09-26T14:47:07+00:00\",\"breadcrumb\":{\"@id\":\"https:\/\/concellodeourol.es\/es\/convocatoria-de-subvencions-para-a-planificacion-enerxetica-de-entidades-locais-e-comunidades-enerxeticas\/#breadcrumb\"},\"inLanguage\":\"es\",\"potentialAction\":[{\"@type\":\"ReadAction\",\"target\":[\"https:\/\/concellodeourol.es\/es\/convocatoria-de-subvencions-para-a-planificacion-enerxetica-de-entidades-locais-e-comunidades-enerxeticas\/\"]}]},{\"@type\":\"ImageObject\",\"inLanguage\":\"es\",\"@id\":\"https:\/\/concellodeourol.es\/es\/convocatoria-de-subvencions-para-a-planificacion-enerxetica-de-entidades-locais-e-comunidades-enerxeticas\/#primaryimage\",\"url\":\"https:\/\/concellodeourol.es\/wp-content\/uploads\/2024\/07\/Casa-do-concello-ourol.webp\",\"contentUrl\":\"https:\/\/concellodeourol.es\/wp-content\/uploads\/2024\/07\/Casa-do-concello-ourol.webp\",\"width\":1500,\"height\":1035},{\"@type\":\"BreadcrumbList\",\"@id\":\"https:\/\/concellodeourol.es\/es\/convocatoria-de-subvencions-para-a-planificacion-enerxetica-de-entidades-locais-e-comunidades-enerxeticas\/#breadcrumb\",\"itemListElement\":[{\"@type\":\"ListItem\",\"position\":1,\"name\":\"Inicio\",\"item\":\"https:\/\/concellodeourol.es\/es\/\"},{\"@type\":\"ListItem\",\"position\":2,\"name\":\"Convocatoria de subvenciones para la planificaci\u00f3n energ\u00e9tica de entidades locales y comunidades energ\u00e9ticas\"}]},{\"@type\":\"WebSite\",\"@id\":\"https:\/\/concellodeourol.es\/#website\",\"url\":\"https:\/\/concellodeourol.es\/\",\"name\":\"Concello de Ourol\",\"description\":\"Informaci\u00f3n y Servicios\",\"publisher\":{\"@id\":\"https:\/\/concellodeourol.es\/#organization\"},\"potentialAction\":[{\"@type\":\"SearchAction\",\"target\":{\"@type\":\"EntryPoint\",\"urlTemplate\":\"https:\/\/concellodeourol.es\/?s={search_term_string}\"},\"query-input\":{\"@type\":\"PropertyValueSpecification\",\"valueRequired\":true,\"valueName\":\"search_term_string\"}}],\"inLanguage\":\"es\"},{\"@type\":\"Organization\",\"@id\":\"https:\/\/concellodeourol.es\/#organization\",\"name\":\"Concello de Ourol\",\"url\":\"https:\/\/concellodeourol.es\/\",\"logo\":{\"@type\":\"ImageObject\",\"inLanguage\":\"es\",\"@id\":\"https:\/\/concellodeourol.es\/#\/schema\/logo\/image\/\",\"url\":\"https:\/\/concellodeourol.es\/wp-content\/uploads\/2024\/05\/Escudo-Horizontal-concello-ourol.webp\",\"contentUrl\":\"https:\/\/concellodeourol.es\/wp-content\/uploads\/2024\/05\/Escudo-Horizontal-concello-ourol.webp\",\"width\":450,\"height\":197,\"caption\":\"Concello de Ourol\"},\"image\":{\"@id\":\"https:\/\/concellodeourol.es\/#\/schema\/logo\/image\/\"},\"sameAs\":[\"https:\/\/www.facebook.com\/ConcelloOurol\/\",\"https:\/\/www.instagram.com\/biblioourol\/?hl=es\"]},{\"@type\":\"Person\",\"@id\":\"https:\/\/concellodeourol.es\/#\/schema\/person\/bad2d6a8103b29ef8076f98879fe69e1\",\"name\":\"Concello\",\"image\":{\"@type\":\"ImageObject\",\"inLanguage\":\"es\",\"@id\":\"https:\/\/concellodeourol.es\/#\/schema\/person\/image\/\",\"url\":\"https:\/\/secure.gravatar.com\/avatar\/bdeed845a57046db85e873c0abfa53dd?s=96&d=mm&r=g\",\"contentUrl\":\"https:\/\/secure.gravatar.com\/avatar\/bdeed845a57046db85e873c0abfa53dd?s=96&d=mm&r=g\",\"caption\":\"Concello\"},\"url\":\"https:\/\/concellodeourol.es\/es\/author\/dalcore\/\"}]}<\/script>\n<!-- \/ Yoast SEO plugin. -->","yoast_head_json":{"title":"Convocatoria de subvenciones para la planificaci\u00f3n energ\u00e9tica de entidades locales y comunidades energ\u00e9ticas - Concello de Ourol","robots":{"index":"index","follow":"follow","max-snippet":"max-snippet:-1","max-image-preview":"max-image-preview:large","max-video-preview":"max-video-preview:-1"},"canonical":"https:\/\/concellodeourol.es\/es\/convocatoria-de-subvencions-para-a-planificacion-enerxetica-de-entidades-locais-e-comunidades-enerxeticas\/","og_locale":"es_ES","og_type":"article","og_title":"Convocatoria de subvenciones para la planificaci\u00f3n energ\u00e9tica de entidades locales y comunidades energ\u00e9ticas - Concello de Ourol","og_description":"El Concello de Ourol solicit\u00f3 bajo la Resoluci\u00f3n del 25 de octubre de 2024 por la que se establecen las bases reguladoras y se anuncia la convocatoria, mediante tramitaci\u00f3n anticipada de gasto, del procedimiento de concesi\u00f3n de subvenciones para la planificaci\u00f3n energ\u00e9tica de entidades locales y comunidades energ\u00e9ticas. Anualidad 2025 (c\u00f3digo de procedimiento IN418E), una [&hellip;]","og_url":"https:\/\/concellodeourol.es\/es\/convocatoria-de-subvencions-para-a-planificacion-enerxetica-de-entidades-locais-e-comunidades-enerxeticas\/","og_site_name":"Concello de Ourol","article_publisher":"https:\/\/www.facebook.com\/ConcelloOurol\/","article_published_time":"2025-09-26T12:43:33+00:00","article_modified_time":"2025-09-26T14:47:07+00:00","og_image":[{"width":1500,"height":1035,"url":"https:\/\/concellodeourol.es\/wp-content\/uploads\/2024\/07\/Casa-do-concello-ourol.webp","type":"image\/webp"}],"author":"Concello","twitter_card":"summary_large_image","twitter_misc":{"Escrito por":"Concello","Tiempo de lectura":"2 minutos"},"schema":{"@context":"https:\/\/schema.org","@graph":[{"@type":"Article","@id":"https:\/\/concellodeourol.es\/es\/convocatoria-de-subvencions-para-a-planificacion-enerxetica-de-entidades-locais-e-comunidades-enerxeticas\/#article","isPartOf":{"@id":"https:\/\/concellodeourol.es\/es\/convocatoria-de-subvencions-para-a-planificacion-enerxetica-de-entidades-locais-e-comunidades-enerxeticas\/"},"author":{"name":"Concello","@id":"https:\/\/concellodeourol.es\/#\/schema\/person\/bad2d6a8103b29ef8076f98879fe69e1"},"headline":"Convocatoria de subvenciones para la planificaci\u00f3n energ\u00e9tica de entidades locales y comunidades energ\u00e9ticas","datePublished":"2025-09-26T12:43:33+00:00","dateModified":"2025-09-26T14:47:07+00:00","mainEntityOfPage":{"@id":"https:\/\/concellodeourol.es\/es\/convocatoria-de-subvencions-para-a-planificacion-enerxetica-de-entidades-locais-e-comunidades-enerxeticas\/"},"wordCount":178,"publisher":{"@id":"https:\/\/concellodeourol.es\/#organization"},"image":{"@id":"https:\/\/concellodeourol.es\/es\/convocatoria-de-subvencions-para-a-planificacion-enerxetica-de-entidades-locais-e-comunidades-enerxeticas\/#primaryimage"},"thumbnailUrl":"https:\/\/concellodeourol.es\/wp-content\/uploads\/2024\/07\/Casa-do-concello-ourol.webp","keywords":["Comunidade Enerx\u00e9tica"],"articleSection":["Avisos","Axudas"],"inLanguage":"es"},{"@type":"WebPage","@id":"https:\/\/concellodeourol.es\/es\/convocatoria-de-subvencions-para-a-planificacion-enerxetica-de-entidades-locais-e-comunidades-enerxeticas\/","url":"https:\/\/concellodeourol.es\/es\/convocatoria-de-subvencions-para-a-planificacion-enerxetica-de-entidades-locais-e-comunidades-enerxeticas\/","name":"Convocatoria de subvenciones para la planificaci\u00f3n energ\u00e9tica de entidades locales y comunidades energ\u00e9ticas - Concello de Ourol","isPartOf":{"@id":"https:\/\/concellodeourol.es\/#website"},"primaryImageOfPage":{"@id":"https:\/\/concellodeourol.es\/es\/convocatoria-de-subvencions-para-a-planificacion-enerxetica-de-entidades-locais-e-comunidades-enerxeticas\/#primaryimage"},"image":{"@id":"https:\/\/concellodeourol.es\/es\/convocatoria-de-subvencions-para-a-planificacion-enerxetica-de-entidades-locais-e-comunidades-enerxeticas\/#primaryimage"},"thumbnailUrl":"https:\/\/concellodeourol.es\/wp-content\/uploads\/2024\/07\/Casa-do-concello-ourol.webp","datePublished":"2025-09-26T12:43:33+00:00","dateModified":"2025-09-26T14:47:07+00:00","breadcrumb":{"@id":"https:\/\/concellodeourol.es\/es\/convocatoria-de-subvencions-para-a-planificacion-enerxetica-de-entidades-locais-e-comunidades-enerxeticas\/#breadcrumb"},"inLanguage":"es","potentialAction":[{"@type":"ReadAction","target":["https:\/\/concellodeourol.es\/es\/convocatoria-de-subvencions-para-a-planificacion-enerxetica-de-entidades-locais-e-comunidades-enerxeticas\/"]}]},{"@type":"ImageObject","inLanguage":"es","@id":"https:\/\/concellodeourol.es\/es\/convocatoria-de-subvencions-para-a-planificacion-enerxetica-de-entidades-locais-e-comunidades-enerxeticas\/#primaryimage","url":"https:\/\/concellodeourol.es\/wp-content\/uploads\/2024\/07\/Casa-do-concello-ourol.webp","contentUrl":"https:\/\/concellodeourol.es\/wp-content\/uploads\/2024\/07\/Casa-do-concello-ourol.webp","width":1500,"height":1035},{"@type":"BreadcrumbList","@id":"https:\/\/concellodeourol.es\/es\/convocatoria-de-subvencions-para-a-planificacion-enerxetica-de-entidades-locais-e-comunidades-enerxeticas\/#breadcrumb","itemListElement":[{"@type":"ListItem","position":1,"name":"Inicio","item":"https:\/\/concellodeourol.es\/es\/"},{"@type":"ListItem","position":2,"name":"Convocatoria de subvenciones para la planificaci\u00f3n energ\u00e9tica de entidades locales y comunidades energ\u00e9ticas"}]},{"@type":"WebSite","@id":"https:\/\/concellodeourol.es\/#website","url":"https:\/\/concellodeourol.es\/","name":"Concello de Ourol","description":"Informaci\u00f3n y Servicios","publisher":{"@id":"https:\/\/concellodeourol.es\/#organization"},"potentialAction":[{"@type":"SearchAction","target":{"@type":"EntryPoint","urlTemplate":"https:\/\/concellodeourol.es\/?s={search_term_string}"},"query-input":{"@type":"PropertyValueSpecification","valueRequired":true,"valueName":"search_term_string"}}],"inLanguage":"es"},{"@type":"Organization","@id":"https:\/\/concellodeourol.es\/#organization","name":"Concello de Ourol","url":"https:\/\/concellodeourol.es\/","logo":{"@type":"ImageObject","inLanguage":"es","@id":"https:\/\/concellodeourol.es\/#\/schema\/logo\/image\/","url":"https:\/\/concellodeourol.es\/wp-content\/uploads\/2024\/05\/Escudo-Horizontal-concello-ourol.webp","contentUrl":"https:\/\/concellodeourol.es\/wp-content\/uploads\/2024\/05\/Escudo-Horizontal-concello-ourol.webp","width":450,"height":197,"caption":"Concello de Ourol"},"image":{"@id":"https:\/\/concellodeourol.es\/#\/schema\/logo\/image\/"},"sameAs":["https:\/\/www.facebook.com\/ConcelloOurol\/","https:\/\/www.instagram.com\/biblioourol\/?hl=es"]},{"@type":"Person","@id":"https:\/\/concellodeourol.es\/#\/schema\/person\/bad2d6a8103b29ef8076f98879fe69e1","name":"Concello","image":{"@type":"ImageObject","inLanguage":"es","@id":"https:\/\/concellodeourol.es\/#\/schema\/person\/image\/","url":"https:\/\/secure.gravatar.com\/avatar\/bdeed845a57046db85e873c0abfa53dd?s=96&d=mm&r=g","contentUrl":"https:\/\/secure.gravatar.com\/avatar\/bdeed845a57046db85e873c0abfa53dd?s=96&d=mm&r=g","caption":"Concello"},"url":"https:\/\/concellodeourol.es\/es\/author\/dalcore\/"}]}},"_links":{"self":[{"href":"https:\/\/concellodeourol.es\/es\/wp-json\/wp\/v2\/posts\/8798"}],"collection":[{"href":"https:\/\/concellodeourol.es\/es\/wp-json\/wp\/v2\/posts"}],"about":[{"href":"https:\/\/concellodeourol.es\/es\/wp-json\/wp\/v2\/types\/post"}],"author":[{"embeddable":true,"href":"https:\/\/concellodeourol.es\/es\/wp-json\/wp\/v2\/users\/1"}],"replies":[{"embeddable":true,"href":"https:\/\/concellodeourol.es\/es\/wp-json\/wp\/v2\/comments?post=8798"}],"version-history":[{"count":4,"href":"https:\/\/concellodeourol.es\/es\/wp-json\/wp\/v2\/posts\/8798\/revisions"}],"predecessor-version":[{"id":8804,"href":"https:\/\/concellodeourol.es\/es\/wp-json\/wp\/v2\/posts\/8798\/revisions\/8804"}],"wp:featuredmedia":[{"embeddable":true,"href":"https:\/\/concellodeourol.es\/es\/wp-json\/wp\/v2\/media\/7749"}],"wp:attachment":[{"href":"https:\/\/concellodeourol.es\/es\/wp-json\/wp\/v2\/media?parent=8798"}],"wp:term":[{"taxonomy":"category","embeddable":true,"href":"https:\/\/concellodeourol.es\/es\/wp-json\/wp\/v2\/categories?post=8798"},{"taxonomy":"post_tag","embeddable":true,"href":"https:\/\/concellodeourol.es\/es\/wp-json\/wp\/v2\/tags?post=8798"}],"curies":[{"name":"wp","href":"https:\/\/api.w.org\/{rel}","templated":true}]}}