{"id":8788,"date":"2025-09-17T12:41:13","date_gmt":"2025-09-17T11:41:13","guid":{"rendered":"https:\/\/concellodeourol.es\/reunion-informativa-da-comunidade-enerxetica-local-ourol\/"},"modified":"2025-09-17T12:56:19","modified_gmt":"2025-09-17T11:56:19","slug":"reunion-informativa-da-comunidade-enerxetica-local-ourol","status":"publish","type":"post","link":"https:\/\/concellodeourol.es\/es\/reunion-informativa-da-comunidade-enerxetica-local-ourol\/","title":{"rendered":"Reuni\u00f3n Informativa de la Comunidad Energ\u00e9tica Local OUROL"},"content":{"rendered":"\n<p class=\"has-text-color has-link-color has-medium-font-size wp-elements-de290cb45f56ced5e46a52a8d9a0e4ca\" style=\"color:#0841d2\"><strong>Como ahorrar en la factura de la luz de una forma eficiente y sostenible.<\/strong><\/p>\n\n\n\n<p><strong>D\u00eda<\/strong>: Martes, 23 de septiembre<br><strong>Hora<\/strong>: 12:00 h<br><strong>Lugar<\/strong>: Casa del Concello<\/p>\n\n\n\n<p>El Concello de Ourol como promotor de una comunidad energ\u00e9tica local invita a todos los vecinos y vecinas a una reuni\u00f3n informativa sobre esta cuesti\u00f3n, que ser\u00e1 impartida por t\u00e9cnicos expertos en la materia, y que se celebrar\u00e1 el pr\u00f3ximo <strong>martes 23 de septiembre, a las 12:00 horas en el Sal\u00f3n de Plenos del Concello de Ourol<\/strong>.<\/p>\n\n\n\n<div style=\"height:41px\" aria-hidden=\"true\" class=\"wp-block-spacer\"><\/div>\n\n\n\n<figure class=\"wp-block-image size-full is-style-default\"><img fetchpriority=\"high\" decoding=\"async\" width=\"650\" height=\"919\" src=\"https:\/\/concellodeourol.es\/wp-content\/uploads\/2025\/09\/comunidade-enerxetica-ourol.webp\" alt=\"\" class=\"wp-image-8783\" srcset=\"https:\/\/concellodeourol.es\/wp-content\/uploads\/2025\/09\/comunidade-enerxetica-ourol.webp 650w, https:\/\/concellodeourol.es\/wp-content\/uploads\/2025\/09\/comunidade-enerxetica-ourol-212x300.webp 212w, https:\/\/concellodeourol.es\/wp-content\/uploads\/2025\/09\/comunidade-enerxetica-ourol-424x600.webp 424w, https:\/\/concellodeourol.es\/wp-content\/uploads\/2025\/09\/comunidade-enerxetica-ourol-396x560.webp 396w\" sizes=\"(max-width: 650px) 100vw, 650px\" \/><\/figure>\n","protected":false},"excerpt":{"rendered":"<p>El Concello de Ourol como promotor de una comunidad energ\u00e9tica local invita a todos los vecinos y vecinas a una reuni\u00f3n informativa sobre esta cuesti\u00f3n<\/p>\n","protected":false},"author":1,"featured_media":8786,"comment_status":"closed","ping_status":"open","sticky":false,"template":"","format":"standard","meta":{"footnotes":""},"categories":[178],"tags":[193],"class_list":["post-8788","post","type-post","status-publish","format-standard","has-post-thumbnail","hentry","category-avisos-es","tag-comunidade-enerxetica-es"],"yoast_head":"<!-- This site is optimized with the Yoast SEO plugin v25.0 - https:\/\/yoast.com\/wordpress\/plugins\/seo\/ -->\n<title>Reuni\u00f3n Informativa de la Comunidad Energ\u00e9tica Local OUROL - Concello de Ourol<\/title>\n<meta name=\"robots\" content=\"index, follow, max-snippet:-1, max-image-preview:large, max-video-preview:-1\" \/>\n<link rel=\"canonical\" href=\"https:\/\/concellodeourol.es\/es\/reunion-informativa-da-comunidade-enerxetica-local-ourol\/\" \/>\n<meta property=\"og:locale\" content=\"es_ES\" \/>\n<meta property=\"og:type\" content=\"article\" \/>\n<meta property=\"og:title\" content=\"Reuni\u00f3n Informativa de la Comunidad Energ\u00e9tica Local OUROL - Concello de Ourol\" \/>\n<meta property=\"og:description\" content=\"El Concello de Ourol como promotor de una comunidad energ\u00e9tica local invita a todos los vecinos y vecinas a una reuni\u00f3n informativa sobre esta cuesti\u00f3n\" \/>\n<meta property=\"og:url\" content=\"https:\/\/concellodeourol.es\/es\/reunion-informativa-da-comunidade-enerxetica-local-ourol\/\" \/>\n<meta property=\"og:site_name\" content=\"Concello de Ourol\" \/>\n<meta property=\"article:publisher\" content=\"https:\/\/www.facebook.com\/ConcelloOurol\/\" \/>\n<meta property=\"article:published_time\" content=\"2025-09-17T11:41:13+00:00\" \/>\n<meta property=\"article:modified_time\" content=\"2025-09-17T11:56:19+00:00\" \/>\n<meta property=\"og:image\" content=\"https:\/\/concellodeourol.es\/wp-content\/uploads\/2025\/09\/comunidade-enerxetica-local.webp\" \/>\n\t<meta property=\"og:image:width\" content=\"1200\" \/>\n\t<meta property=\"og:image:height\" content=\"900\" \/>\n\t<meta property=\"og:image:type\" content=\"image\/webp\" \/>\n<meta name=\"author\" content=\"Concello\" \/>\n<meta name=\"twitter:card\" content=\"summary_large_image\" \/>\n<meta name=\"twitter:label1\" content=\"Escrito por\" \/>\n\t<meta name=\"twitter:data1\" content=\"Concello\" \/>\n\t<meta name=\"twitter:label2\" content=\"Tiempo de lectura\" \/>\n\t<meta name=\"twitter:data2\" content=\"1 minuto\" \/>\n<script type=\"application\/ld+json\" class=\"yoast-schema-graph\">{\"@context\":\"https:\/\/schema.org\",\"@graph\":[{\"@type\":\"Article\",\"@id\":\"https:\/\/concellodeourol.es\/es\/reunion-informativa-da-comunidade-enerxetica-local-ourol\/#article\",\"isPartOf\":{\"@id\":\"https:\/\/concellodeourol.es\/es\/reunion-informativa-da-comunidade-enerxetica-local-ourol\/\"},\"author\":{\"name\":\"Concello\",\"@id\":\"https:\/\/concellodeourol.es\/#\/schema\/person\/bad2d6a8103b29ef8076f98879fe69e1\"},\"headline\":\"Reuni\u00f3n Informativa de la Comunidad Energ\u00e9tica Local OUROL\",\"datePublished\":\"2025-09-17T11:41:13+00:00\",\"dateModified\":\"2025-09-17T11:56:19+00:00\",\"mainEntityOfPage\":{\"@id\":\"https:\/\/concellodeourol.es\/es\/reunion-informativa-da-comunidade-enerxetica-local-ourol\/\"},\"wordCount\":96,\"publisher\":{\"@id\":\"https:\/\/concellodeourol.es\/#organization\"},\"image\":{\"@id\":\"https:\/\/concellodeourol.es\/es\/reunion-informativa-da-comunidade-enerxetica-local-ourol\/#primaryimage\"},\"thumbnailUrl\":\"https:\/\/concellodeourol.es\/wp-content\/uploads\/2025\/09\/comunidade-enerxetica-local.webp\",\"keywords\":[\"Comunidade Enerx\u00e9tica\"],\"articleSection\":[\"Avisos\"],\"inLanguage\":\"es\"},{\"@type\":\"WebPage\",\"@id\":\"https:\/\/concellodeourol.es\/es\/reunion-informativa-da-comunidade-enerxetica-local-ourol\/\",\"url\":\"https:\/\/concellodeourol.es\/es\/reunion-informativa-da-comunidade-enerxetica-local-ourol\/\",\"name\":\"Reuni\u00f3n Informativa de la Comunidad Energ\u00e9tica Local OUROL - Concello de Ourol\",\"isPartOf\":{\"@id\":\"https:\/\/concellodeourol.es\/#website\"},\"primaryImageOfPage\":{\"@id\":\"https:\/\/concellodeourol.es\/es\/reunion-informativa-da-comunidade-enerxetica-local-ourol\/#primaryimage\"},\"image\":{\"@id\":\"https:\/\/concellodeourol.es\/es\/reunion-informativa-da-comunidade-enerxetica-local-ourol\/#primaryimage\"},\"thumbnailUrl\":\"https:\/\/concellodeourol.es\/wp-content\/uploads\/2025\/09\/comunidade-enerxetica-local.webp\",\"datePublished\":\"2025-09-17T11:41:13+00:00\",\"dateModified\":\"2025-09-17T11:56:19+00:00\",\"breadcrumb\":{\"@id\":\"https:\/\/concellodeourol.es\/es\/reunion-informativa-da-comunidade-enerxetica-local-ourol\/#breadcrumb\"},\"inLanguage\":\"es\",\"potentialAction\":[{\"@type\":\"ReadAction\",\"target\":[\"https:\/\/concellodeourol.es\/es\/reunion-informativa-da-comunidade-enerxetica-local-ourol\/\"]}]},{\"@type\":\"ImageObject\",\"inLanguage\":\"es\",\"@id\":\"https:\/\/concellodeourol.es\/es\/reunion-informativa-da-comunidade-enerxetica-local-ourol\/#primaryimage\",\"url\":\"https:\/\/concellodeourol.es\/wp-content\/uploads\/2025\/09\/comunidade-enerxetica-local.webp\",\"contentUrl\":\"https:\/\/concellodeourol.es\/wp-content\/uploads\/2025\/09\/comunidade-enerxetica-local.webp\",\"width\":1200,\"height\":900},{\"@type\":\"BreadcrumbList\",\"@id\":\"https:\/\/concellodeourol.es\/es\/reunion-informativa-da-comunidade-enerxetica-local-ourol\/#breadcrumb\",\"itemListElement\":[{\"@type\":\"ListItem\",\"position\":1,\"name\":\"Inicio\",\"item\":\"https:\/\/concellodeourol.es\/es\/\"},{\"@type\":\"ListItem\",\"position\":2,\"name\":\"Reuni\u00f3n Informativa de la Comunidad Energ\u00e9tica Local OUROL\"}]},{\"@type\":\"WebSite\",\"@id\":\"https:\/\/concellodeourol.es\/#website\",\"url\":\"https:\/\/concellodeourol.es\/\",\"name\":\"Concello de Ourol\",\"description\":\"Informaci\u00f3n y Servicios\",\"publisher\":{\"@id\":\"https:\/\/concellodeourol.es\/#organization\"},\"potentialAction\":[{\"@type\":\"SearchAction\",\"target\":{\"@type\":\"EntryPoint\",\"urlTemplate\":\"https:\/\/concellodeourol.es\/?s={search_term_string}\"},\"query-input\":{\"@type\":\"PropertyValueSpecification\",\"valueRequired\":true,\"valueName\":\"search_term_string\"}}],\"inLanguage\":\"es\"},{\"@type\":\"Organization\",\"@id\":\"https:\/\/concellodeourol.es\/#organization\",\"name\":\"Concello de Ourol\",\"url\":\"https:\/\/concellodeourol.es\/\",\"logo\":{\"@type\":\"ImageObject\",\"inLanguage\":\"es\",\"@id\":\"https:\/\/concellodeourol.es\/#\/schema\/logo\/image\/\",\"url\":\"https:\/\/concellodeourol.es\/wp-content\/uploads\/2024\/05\/Escudo-Horizontal-concello-ourol.webp\",\"contentUrl\":\"https:\/\/concellodeourol.es\/wp-content\/uploads\/2024\/05\/Escudo-Horizontal-concello-ourol.webp\",\"width\":450,\"height\":197,\"caption\":\"Concello de Ourol\"},\"image\":{\"@id\":\"https:\/\/concellodeourol.es\/#\/schema\/logo\/image\/\"},\"sameAs\":[\"https:\/\/www.facebook.com\/ConcelloOurol\/\",\"https:\/\/www.instagram.com\/biblioourol\/?hl=es\"]},{\"@type\":\"Person\",\"@id\":\"https:\/\/concellodeourol.es\/#\/schema\/person\/bad2d6a8103b29ef8076f98879fe69e1\",\"name\":\"Concello\",\"image\":{\"@type\":\"ImageObject\",\"inLanguage\":\"es\",\"@id\":\"https:\/\/concellodeourol.es\/#\/schema\/person\/image\/\",\"url\":\"https:\/\/secure.gravatar.com\/avatar\/bdeed845a57046db85e873c0abfa53dd?s=96&d=mm&r=g\",\"contentUrl\":\"https:\/\/secure.gravatar.com\/avatar\/bdeed845a57046db85e873c0abfa53dd?s=96&d=mm&r=g\",\"caption\":\"Concello\"},\"url\":\"https:\/\/concellodeourol.es\/es\/author\/dalcore\/\"}]}<\/script>\n<!-- \/ Yoast SEO plugin. -->","yoast_head_json":{"title":"Reuni\u00f3n Informativa de la Comunidad Energ\u00e9tica Local OUROL - Concello de Ourol","robots":{"index":"index","follow":"follow","max-snippet":"max-snippet:-1","max-image-preview":"max-image-preview:large","max-video-preview":"max-video-preview:-1"},"canonical":"https:\/\/concellodeourol.es\/es\/reunion-informativa-da-comunidade-enerxetica-local-ourol\/","og_locale":"es_ES","og_type":"article","og_title":"Reuni\u00f3n Informativa de la Comunidad Energ\u00e9tica Local OUROL - Concello de Ourol","og_description":"El Concello de Ourol como promotor de una comunidad energ\u00e9tica local invita a todos los vecinos y vecinas a una reuni\u00f3n informativa sobre esta cuesti\u00f3n","og_url":"https:\/\/concellodeourol.es\/es\/reunion-informativa-da-comunidade-enerxetica-local-ourol\/","og_site_name":"Concello de Ourol","article_publisher":"https:\/\/www.facebook.com\/ConcelloOurol\/","article_published_time":"2025-09-17T11:41:13+00:00","article_modified_time":"2025-09-17T11:56:19+00:00","og_image":[{"width":1200,"height":900,"url":"https:\/\/concellodeourol.es\/wp-content\/uploads\/2025\/09\/comunidade-enerxetica-local.webp","type":"image\/webp"}],"author":"Concello","twitter_card":"summary_large_image","twitter_misc":{"Escrito por":"Concello","Tiempo de lectura":"1 minuto"},"schema":{"@context":"https:\/\/schema.org","@graph":[{"@type":"Article","@id":"https:\/\/concellodeourol.es\/es\/reunion-informativa-da-comunidade-enerxetica-local-ourol\/#article","isPartOf":{"@id":"https:\/\/concellodeourol.es\/es\/reunion-informativa-da-comunidade-enerxetica-local-ourol\/"},"author":{"name":"Concello","@id":"https:\/\/concellodeourol.es\/#\/schema\/person\/bad2d6a8103b29ef8076f98879fe69e1"},"headline":"Reuni\u00f3n Informativa de la Comunidad Energ\u00e9tica Local OUROL","datePublished":"2025-09-17T11:41:13+00:00","dateModified":"2025-09-17T11:56:19+00:00","mainEntityOfPage":{"@id":"https:\/\/concellodeourol.es\/es\/reunion-informativa-da-comunidade-enerxetica-local-ourol\/"},"wordCount":96,"publisher":{"@id":"https:\/\/concellodeourol.es\/#organization"},"image":{"@id":"https:\/\/concellodeourol.es\/es\/reunion-informativa-da-comunidade-enerxetica-local-ourol\/#primaryimage"},"thumbnailUrl":"https:\/\/concellodeourol.es\/wp-content\/uploads\/2025\/09\/comunidade-enerxetica-local.webp","keywords":["Comunidade Enerx\u00e9tica"],"articleSection":["Avisos"],"inLanguage":"es"},{"@type":"WebPage","@id":"https:\/\/concellodeourol.es\/es\/reunion-informativa-da-comunidade-enerxetica-local-ourol\/","url":"https:\/\/concellodeourol.es\/es\/reunion-informativa-da-comunidade-enerxetica-local-ourol\/","name":"Reuni\u00f3n Informativa de la Comunidad Energ\u00e9tica Local OUROL - Concello de Ourol","isPartOf":{"@id":"https:\/\/concellodeourol.es\/#website"},"primaryImageOfPage":{"@id":"https:\/\/concellodeourol.es\/es\/reunion-informativa-da-comunidade-enerxetica-local-ourol\/#primaryimage"},"image":{"@id":"https:\/\/concellodeourol.es\/es\/reunion-informativa-da-comunidade-enerxetica-local-ourol\/#primaryimage"},"thumbnailUrl":"https:\/\/concellodeourol.es\/wp-content\/uploads\/2025\/09\/comunidade-enerxetica-local.webp","datePublished":"2025-09-17T11:41:13+00:00","dateModified":"2025-09-17T11:56:19+00:00","breadcrumb":{"@id":"https:\/\/concellodeourol.es\/es\/reunion-informativa-da-comunidade-enerxetica-local-ourol\/#breadcrumb"},"inLanguage":"es","potentialAction":[{"@type":"ReadAction","target":["https:\/\/concellodeourol.es\/es\/reunion-informativa-da-comunidade-enerxetica-local-ourol\/"]}]},{"@type":"ImageObject","inLanguage":"es","@id":"https:\/\/concellodeourol.es\/es\/reunion-informativa-da-comunidade-enerxetica-local-ourol\/#primaryimage","url":"https:\/\/concellodeourol.es\/wp-content\/uploads\/2025\/09\/comunidade-enerxetica-local.webp","contentUrl":"https:\/\/concellodeourol.es\/wp-content\/uploads\/2025\/09\/comunidade-enerxetica-local.webp","width":1200,"height":900},{"@type":"BreadcrumbList","@id":"https:\/\/concellodeourol.es\/es\/reunion-informativa-da-comunidade-enerxetica-local-ourol\/#breadcrumb","itemListElement":[{"@type":"ListItem","position":1,"name":"Inicio","item":"https:\/\/concellodeourol.es\/es\/"},{"@type":"ListItem","position":2,"name":"Reuni\u00f3n Informativa de la Comunidad Energ\u00e9tica Local OUROL"}]},{"@type":"WebSite","@id":"https:\/\/concellodeourol.es\/#website","url":"https:\/\/concellodeourol.es\/","name":"Concello de Ourol","description":"Informaci\u00f3n y Servicios","publisher":{"@id":"https:\/\/concellodeourol.es\/#organization"},"potentialAction":[{"@type":"SearchAction","target":{"@type":"EntryPoint","urlTemplate":"https:\/\/concellodeourol.es\/?s={search_term_string}"},"query-input":{"@type":"PropertyValueSpecification","valueRequired":true,"valueName":"search_term_string"}}],"inLanguage":"es"},{"@type":"Organization","@id":"https:\/\/concellodeourol.es\/#organization","name":"Concello de Ourol","url":"https:\/\/concellodeourol.es\/","logo":{"@type":"ImageObject","inLanguage":"es","@id":"https:\/\/concellodeourol.es\/#\/schema\/logo\/image\/","url":"https:\/\/concellodeourol.es\/wp-content\/uploads\/2024\/05\/Escudo-Horizontal-concello-ourol.webp","contentUrl":"https:\/\/concellodeourol.es\/wp-content\/uploads\/2024\/05\/Escudo-Horizontal-concello-ourol.webp","width":450,"height":197,"caption":"Concello de Ourol"},"image":{"@id":"https:\/\/concellodeourol.es\/#\/schema\/logo\/image\/"},"sameAs":["https:\/\/www.facebook.com\/ConcelloOurol\/","https:\/\/www.instagram.com\/biblioourol\/?hl=es"]},{"@type":"Person","@id":"https:\/\/concellodeourol.es\/#\/schema\/person\/bad2d6a8103b29ef8076f98879fe69e1","name":"Concello","image":{"@type":"ImageObject","inLanguage":"es","@id":"https:\/\/concellodeourol.es\/#\/schema\/person\/image\/","url":"https:\/\/secure.gravatar.com\/avatar\/bdeed845a57046db85e873c0abfa53dd?s=96&d=mm&r=g","contentUrl":"https:\/\/secure.gravatar.com\/avatar\/bdeed845a57046db85e873c0abfa53dd?s=96&d=mm&r=g","caption":"Concello"},"url":"https:\/\/concellodeourol.es\/es\/author\/dalcore\/"}]}},"_links":{"self":[{"href":"https:\/\/concellodeourol.es\/es\/wp-json\/wp\/v2\/posts\/8788"}],"collection":[{"href":"https:\/\/concellodeourol.es\/es\/wp-json\/wp\/v2\/posts"}],"about":[{"href":"https:\/\/concellodeourol.es\/es\/wp-json\/wp\/v2\/types\/post"}],"author":[{"embeddable":true,"href":"https:\/\/concellodeourol.es\/es\/wp-json\/wp\/v2\/users\/1"}],"replies":[{"embeddable":true,"href":"https:\/\/concellodeourol.es\/es\/wp-json\/wp\/v2\/comments?post=8788"}],"version-history":[{"count":1,"href":"https:\/\/concellodeourol.es\/es\/wp-json\/wp\/v2\/posts\/8788\/revisions"}],"predecessor-version":[{"id":8790,"href":"https:\/\/concellodeourol.es\/es\/wp-json\/wp\/v2\/posts\/8788\/revisions\/8790"}],"wp:featuredmedia":[{"embeddable":true,"href":"https:\/\/concellodeourol.es\/es\/wp-json\/wp\/v2\/media\/8786"}],"wp:attachment":[{"href":"https:\/\/concellodeourol.es\/es\/wp-json\/wp\/v2\/media?parent=8788"}],"wp:term":[{"taxonomy":"category","embeddable":true,"href":"https:\/\/concellodeourol.es\/es\/wp-json\/wp\/v2\/categories?post=8788"},{"taxonomy":"post_tag","embeddable":true,"href":"https:\/\/concellodeourol.es\/es\/wp-json\/wp\/v2\/tags?post=8788"}],"curies":[{"name":"wp","href":"https:\/\/api.w.org\/{rel}","templated":true}]}}