{"id":8396,"date":"2024-12-05T10:22:24","date_gmt":"2024-12-05T10:22:24","guid":{"rendered":"https:\/\/concellodeourol.es\/contacontos-de-nadal-e-visita-de-papa-noel\/"},"modified":"2024-12-05T10:37:44","modified_gmt":"2024-12-05T10:37:44","slug":"contacontos-de-nadal-e-visita-de-papa-noel","status":"publish","type":"post","link":"https:\/\/concellodeourol.es\/es\/contacontos-de-nadal-e-visita-de-papa-noel\/","title":{"rendered":"Cuentacuentos de Navidad y Visita de Pap\u00e1 Noel"},"content":{"rendered":"\n<p class=\"has-text-color has-link-color has-medium-font-size wp-elements-28b0d55d8e78aa3b55ded0f3895d6c62\" style=\"color:#0841d2\"><strong>Trae tu carta a Pap\u00e1 Noel!!!<\/strong><\/p>\n\n\n\n<p><strong>D\u00eda<\/strong>: 19 de diciembre<br><strong>Hora<\/strong>: 18:00 h<br><strong>Lugar<\/strong>: Edificio Multiusos de Ourol<br><strong>Destinatarios<\/strong>: ni\u00f1os\/as a partir de 3 a\u00f1os y familias.<br><strong>Inscripci\u00f3n<\/strong>: hasta el 16 de diciembre.<br><strong>M\u00e1is informaci\u00f3n<\/strong> en el tlf: 982559019 o en el Whatsapp 608694051<\/p>\n\n\n\n<div class=\"wp-block-buttons is-layout-flex wp-block-buttons-is-layout-flex\">\n<div class=\"wp-block-button has-custom-width wp-block-button__width-25 has-custom-font-size is-style-fill\" style=\"font-size:21px\"><a class=\"wp-block-button__link has-background wp-element-button\" href=\"https:\/\/forms.gle\/9Xk9XkKvNpqo5zay5\" style=\"border-radius:24px;background-color:#00863d\" target=\"_blank\" rel=\"noreferrer noopener\">Inscripci\u00f3n<\/a><\/div>\n<\/div>\n\n\n\n<div style=\"height:41px\" aria-hidden=\"true\" class=\"wp-block-spacer\"><\/div>\n\n\n\n<figure class=\"wp-block-image size-large\"><img fetchpriority=\"high\" decoding=\"async\" width=\"1024\" height=\"1024\" src=\"https:\/\/concellodeourol.es\/wp-content\/uploads\/2024\/12\/CONTACONTOS-NADAL-2024-1024x1024.webp\" alt=\"\" class=\"wp-image-8391\" srcset=\"https:\/\/concellodeourol.es\/wp-content\/uploads\/2024\/12\/CONTACONTOS-NADAL-2024-1024x1024.webp 1024w, https:\/\/concellodeourol.es\/wp-content\/uploads\/2024\/12\/CONTACONTOS-NADAL-2024-300x300.webp 300w, https:\/\/concellodeourol.es\/wp-content\/uploads\/2024\/12\/CONTACONTOS-NADAL-2024-150x150.webp 150w, https:\/\/concellodeourol.es\/wp-content\/uploads\/2024\/12\/CONTACONTOS-NADAL-2024-768x768.webp 768w, https:\/\/concellodeourol.es\/wp-content\/uploads\/2024\/12\/CONTACONTOS-NADAL-2024-600x600.webp 600w, https:\/\/concellodeourol.es\/wp-content\/uploads\/2024\/12\/CONTACONTOS-NADAL-2024-560x560.webp 560w, https:\/\/concellodeourol.es\/wp-content\/uploads\/2024\/12\/CONTACONTOS-NADAL-2024.webp 1080w\" sizes=\"(max-width: 1024px) 100vw, 1024px\" \/><\/figure>\n\n\n\n<p><\/p>\n\n\n\n<p><\/p>\n\n\n\n<p><\/p>\n\n\n\n<p><\/p>\n","protected":false},"excerpt":{"rendered":"<p>Trae tu carta a Pap\u00e1 Noel!!<br \/>\nInscr\u00edbete para el cuentacuentos y la visita de Pap\u00e1 Noel 2024<\/p>\n","protected":false},"author":1,"featured_media":8392,"comment_status":"closed","ping_status":"closed","sticky":false,"template":"","format":"standard","meta":{"footnotes":""},"categories":[183,174],"tags":[190,191],"class_list":["post-8396","post","type-post","status-publish","format-standard","has-post-thumbnail","hentry","category-biblioteca-es","category-espectaculos-es","tag-nadal-es","tag-papa-noel-es"],"yoast_head":"<!-- This site is optimized with the Yoast SEO plugin v25.0 - https:\/\/yoast.com\/wordpress\/plugins\/seo\/ -->\n<title>Cuentacuentos de Navidad y Visita de Pap\u00e1 Noel - Concello de Ourol<\/title>\n<meta name=\"robots\" content=\"index, follow, max-snippet:-1, max-image-preview:large, max-video-preview:-1\" \/>\n<link rel=\"canonical\" href=\"https:\/\/concellodeourol.es\/es\/contacontos-de-nadal-e-visita-de-papa-noel\/\" \/>\n<meta property=\"og:locale\" content=\"es_ES\" \/>\n<meta property=\"og:type\" content=\"article\" \/>\n<meta property=\"og:title\" content=\"Cuentacuentos de Navidad y Visita de Pap\u00e1 Noel - Concello de Ourol\" \/>\n<meta property=\"og:description\" content=\"Trae tu carta a Pap\u00e1 Noel!! Inscr\u00edbete para el cuentacuentos y la visita de Pap\u00e1 Noel 2024\" \/>\n<meta property=\"og:url\" content=\"https:\/\/concellodeourol.es\/es\/contacontos-de-nadal-e-visita-de-papa-noel\/\" \/>\n<meta property=\"og:site_name\" content=\"Concello de Ourol\" \/>\n<meta property=\"article:publisher\" content=\"https:\/\/www.facebook.com\/ConcelloOurol\/\" \/>\n<meta property=\"article:published_time\" content=\"2024-12-05T10:22:24+00:00\" \/>\n<meta property=\"article:modified_time\" content=\"2024-12-05T10:37:44+00:00\" \/>\n<meta property=\"og:image\" content=\"https:\/\/concellodeourol.es\/wp-content\/uploads\/2024\/12\/CONTACONTOS-NADAL-2024.webp\" \/>\n\t<meta property=\"og:image:width\" content=\"1080\" \/>\n\t<meta property=\"og:image:height\" content=\"1080\" \/>\n\t<meta property=\"og:image:type\" content=\"image\/webp\" \/>\n<meta name=\"author\" content=\"Concello\" \/>\n<meta name=\"twitter:card\" content=\"summary_large_image\" \/>\n<meta name=\"twitter:label1\" content=\"Escrito por\" \/>\n\t<meta name=\"twitter:data1\" content=\"Concello\" \/>\n\t<meta name=\"twitter:label2\" content=\"Tiempo de lectura\" \/>\n\t<meta name=\"twitter:data2\" content=\"1 minuto\" \/>\n<script type=\"application\/ld+json\" class=\"yoast-schema-graph\">{\"@context\":\"https:\/\/schema.org\",\"@graph\":[{\"@type\":\"Article\",\"@id\":\"https:\/\/concellodeourol.es\/es\/contacontos-de-nadal-e-visita-de-papa-noel\/#article\",\"isPartOf\":{\"@id\":\"https:\/\/concellodeourol.es\/es\/contacontos-de-nadal-e-visita-de-papa-noel\/\"},\"author\":{\"name\":\"Concello\",\"@id\":\"https:\/\/concellodeourol.es\/#\/schema\/person\/bad2d6a8103b29ef8076f98879fe69e1\"},\"headline\":\"Cuentacuentos de Navidad y Visita de Pap\u00e1 Noel\",\"datePublished\":\"2024-12-05T10:22:24+00:00\",\"dateModified\":\"2024-12-05T10:37:44+00:00\",\"mainEntityOfPage\":{\"@id\":\"https:\/\/concellodeourol.es\/es\/contacontos-de-nadal-e-visita-de-papa-noel\/\"},\"wordCount\":55,\"publisher\":{\"@id\":\"https:\/\/concellodeourol.es\/#organization\"},\"image\":{\"@id\":\"https:\/\/concellodeourol.es\/es\/contacontos-de-nadal-e-visita-de-papa-noel\/#primaryimage\"},\"thumbnailUrl\":\"https:\/\/concellodeourol.es\/wp-content\/uploads\/2024\/12\/CONTACONTOS-NADAL-2024.webp\",\"keywords\":[\"Nadal\",\"Pap\u00e1 Noel\"],\"articleSection\":[\"Biblioteca\",\"Espect\u00e1culos\"],\"inLanguage\":\"es\"},{\"@type\":\"WebPage\",\"@id\":\"https:\/\/concellodeourol.es\/es\/contacontos-de-nadal-e-visita-de-papa-noel\/\",\"url\":\"https:\/\/concellodeourol.es\/es\/contacontos-de-nadal-e-visita-de-papa-noel\/\",\"name\":\"Cuentacuentos de Navidad y Visita de Pap\u00e1 Noel - Concello de Ourol\",\"isPartOf\":{\"@id\":\"https:\/\/concellodeourol.es\/#website\"},\"primaryImageOfPage\":{\"@id\":\"https:\/\/concellodeourol.es\/es\/contacontos-de-nadal-e-visita-de-papa-noel\/#primaryimage\"},\"image\":{\"@id\":\"https:\/\/concellodeourol.es\/es\/contacontos-de-nadal-e-visita-de-papa-noel\/#primaryimage\"},\"thumbnailUrl\":\"https:\/\/concellodeourol.es\/wp-content\/uploads\/2024\/12\/CONTACONTOS-NADAL-2024.webp\",\"datePublished\":\"2024-12-05T10:22:24+00:00\",\"dateModified\":\"2024-12-05T10:37:44+00:00\",\"breadcrumb\":{\"@id\":\"https:\/\/concellodeourol.es\/es\/contacontos-de-nadal-e-visita-de-papa-noel\/#breadcrumb\"},\"inLanguage\":\"es\",\"potentialAction\":[{\"@type\":\"ReadAction\",\"target\":[\"https:\/\/concellodeourol.es\/es\/contacontos-de-nadal-e-visita-de-papa-noel\/\"]}]},{\"@type\":\"ImageObject\",\"inLanguage\":\"es\",\"@id\":\"https:\/\/concellodeourol.es\/es\/contacontos-de-nadal-e-visita-de-papa-noel\/#primaryimage\",\"url\":\"https:\/\/concellodeourol.es\/wp-content\/uploads\/2024\/12\/CONTACONTOS-NADAL-2024.webp\",\"contentUrl\":\"https:\/\/concellodeourol.es\/wp-content\/uploads\/2024\/12\/CONTACONTOS-NADAL-2024.webp\",\"width\":1080,\"height\":1080},{\"@type\":\"BreadcrumbList\",\"@id\":\"https:\/\/concellodeourol.es\/es\/contacontos-de-nadal-e-visita-de-papa-noel\/#breadcrumb\",\"itemListElement\":[{\"@type\":\"ListItem\",\"position\":1,\"name\":\"Inicio\",\"item\":\"https:\/\/concellodeourol.es\/es\/\"},{\"@type\":\"ListItem\",\"position\":2,\"name\":\"Cuentacuentos de Navidad y Visita de Pap\u00e1 Noel\"}]},{\"@type\":\"WebSite\",\"@id\":\"https:\/\/concellodeourol.es\/#website\",\"url\":\"https:\/\/concellodeourol.es\/\",\"name\":\"Concello de Ourol\",\"description\":\"Informaci\u00f3n y Servicios\",\"publisher\":{\"@id\":\"https:\/\/concellodeourol.es\/#organization\"},\"potentialAction\":[{\"@type\":\"SearchAction\",\"target\":{\"@type\":\"EntryPoint\",\"urlTemplate\":\"https:\/\/concellodeourol.es\/?s={search_term_string}\"},\"query-input\":{\"@type\":\"PropertyValueSpecification\",\"valueRequired\":true,\"valueName\":\"search_term_string\"}}],\"inLanguage\":\"es\"},{\"@type\":\"Organization\",\"@id\":\"https:\/\/concellodeourol.es\/#organization\",\"name\":\"Concello de Ourol\",\"url\":\"https:\/\/concellodeourol.es\/\",\"logo\":{\"@type\":\"ImageObject\",\"inLanguage\":\"es\",\"@id\":\"https:\/\/concellodeourol.es\/#\/schema\/logo\/image\/\",\"url\":\"https:\/\/concellodeourol.es\/wp-content\/uploads\/2024\/05\/Escudo-Horizontal-concello-ourol.webp\",\"contentUrl\":\"https:\/\/concellodeourol.es\/wp-content\/uploads\/2024\/05\/Escudo-Horizontal-concello-ourol.webp\",\"width\":450,\"height\":197,\"caption\":\"Concello de Ourol\"},\"image\":{\"@id\":\"https:\/\/concellodeourol.es\/#\/schema\/logo\/image\/\"},\"sameAs\":[\"https:\/\/www.facebook.com\/ConcelloOurol\/\",\"https:\/\/www.instagram.com\/biblioourol\/?hl=es\"]},{\"@type\":\"Person\",\"@id\":\"https:\/\/concellodeourol.es\/#\/schema\/person\/bad2d6a8103b29ef8076f98879fe69e1\",\"name\":\"Concello\",\"image\":{\"@type\":\"ImageObject\",\"inLanguage\":\"es\",\"@id\":\"https:\/\/concellodeourol.es\/#\/schema\/person\/image\/\",\"url\":\"https:\/\/secure.gravatar.com\/avatar\/bdeed845a57046db85e873c0abfa53dd?s=96&d=mm&r=g\",\"contentUrl\":\"https:\/\/secure.gravatar.com\/avatar\/bdeed845a57046db85e873c0abfa53dd?s=96&d=mm&r=g\",\"caption\":\"Concello\"},\"url\":\"https:\/\/concellodeourol.es\/es\/author\/dalcore\/\"}]}<\/script>\n<!-- \/ Yoast SEO plugin. -->","yoast_head_json":{"title":"Cuentacuentos de Navidad y Visita de Pap\u00e1 Noel - Concello de Ourol","robots":{"index":"index","follow":"follow","max-snippet":"max-snippet:-1","max-image-preview":"max-image-preview:large","max-video-preview":"max-video-preview:-1"},"canonical":"https:\/\/concellodeourol.es\/es\/contacontos-de-nadal-e-visita-de-papa-noel\/","og_locale":"es_ES","og_type":"article","og_title":"Cuentacuentos de Navidad y Visita de Pap\u00e1 Noel - Concello de Ourol","og_description":"Trae tu carta a Pap\u00e1 Noel!! Inscr\u00edbete para el cuentacuentos y la visita de Pap\u00e1 Noel 2024","og_url":"https:\/\/concellodeourol.es\/es\/contacontos-de-nadal-e-visita-de-papa-noel\/","og_site_name":"Concello de Ourol","article_publisher":"https:\/\/www.facebook.com\/ConcelloOurol\/","article_published_time":"2024-12-05T10:22:24+00:00","article_modified_time":"2024-12-05T10:37:44+00:00","og_image":[{"width":1080,"height":1080,"url":"https:\/\/concellodeourol.es\/wp-content\/uploads\/2024\/12\/CONTACONTOS-NADAL-2024.webp","type":"image\/webp"}],"author":"Concello","twitter_card":"summary_large_image","twitter_misc":{"Escrito por":"Concello","Tiempo de lectura":"1 minuto"},"schema":{"@context":"https:\/\/schema.org","@graph":[{"@type":"Article","@id":"https:\/\/concellodeourol.es\/es\/contacontos-de-nadal-e-visita-de-papa-noel\/#article","isPartOf":{"@id":"https:\/\/concellodeourol.es\/es\/contacontos-de-nadal-e-visita-de-papa-noel\/"},"author":{"name":"Concello","@id":"https:\/\/concellodeourol.es\/#\/schema\/person\/bad2d6a8103b29ef8076f98879fe69e1"},"headline":"Cuentacuentos de Navidad y Visita de Pap\u00e1 Noel","datePublished":"2024-12-05T10:22:24+00:00","dateModified":"2024-12-05T10:37:44+00:00","mainEntityOfPage":{"@id":"https:\/\/concellodeourol.es\/es\/contacontos-de-nadal-e-visita-de-papa-noel\/"},"wordCount":55,"publisher":{"@id":"https:\/\/concellodeourol.es\/#organization"},"image":{"@id":"https:\/\/concellodeourol.es\/es\/contacontos-de-nadal-e-visita-de-papa-noel\/#primaryimage"},"thumbnailUrl":"https:\/\/concellodeourol.es\/wp-content\/uploads\/2024\/12\/CONTACONTOS-NADAL-2024.webp","keywords":["Nadal","Pap\u00e1 Noel"],"articleSection":["Biblioteca","Espect\u00e1culos"],"inLanguage":"es"},{"@type":"WebPage","@id":"https:\/\/concellodeourol.es\/es\/contacontos-de-nadal-e-visita-de-papa-noel\/","url":"https:\/\/concellodeourol.es\/es\/contacontos-de-nadal-e-visita-de-papa-noel\/","name":"Cuentacuentos de Navidad y Visita de Pap\u00e1 Noel - Concello de Ourol","isPartOf":{"@id":"https:\/\/concellodeourol.es\/#website"},"primaryImageOfPage":{"@id":"https:\/\/concellodeourol.es\/es\/contacontos-de-nadal-e-visita-de-papa-noel\/#primaryimage"},"image":{"@id":"https:\/\/concellodeourol.es\/es\/contacontos-de-nadal-e-visita-de-papa-noel\/#primaryimage"},"thumbnailUrl":"https:\/\/concellodeourol.es\/wp-content\/uploads\/2024\/12\/CONTACONTOS-NADAL-2024.webp","datePublished":"2024-12-05T10:22:24+00:00","dateModified":"2024-12-05T10:37:44+00:00","breadcrumb":{"@id":"https:\/\/concellodeourol.es\/es\/contacontos-de-nadal-e-visita-de-papa-noel\/#breadcrumb"},"inLanguage":"es","potentialAction":[{"@type":"ReadAction","target":["https:\/\/concellodeourol.es\/es\/contacontos-de-nadal-e-visita-de-papa-noel\/"]}]},{"@type":"ImageObject","inLanguage":"es","@id":"https:\/\/concellodeourol.es\/es\/contacontos-de-nadal-e-visita-de-papa-noel\/#primaryimage","url":"https:\/\/concellodeourol.es\/wp-content\/uploads\/2024\/12\/CONTACONTOS-NADAL-2024.webp","contentUrl":"https:\/\/concellodeourol.es\/wp-content\/uploads\/2024\/12\/CONTACONTOS-NADAL-2024.webp","width":1080,"height":1080},{"@type":"BreadcrumbList","@id":"https:\/\/concellodeourol.es\/es\/contacontos-de-nadal-e-visita-de-papa-noel\/#breadcrumb","itemListElement":[{"@type":"ListItem","position":1,"name":"Inicio","item":"https:\/\/concellodeourol.es\/es\/"},{"@type":"ListItem","position":2,"name":"Cuentacuentos de Navidad y Visita de Pap\u00e1 Noel"}]},{"@type":"WebSite","@id":"https:\/\/concellodeourol.es\/#website","url":"https:\/\/concellodeourol.es\/","name":"Concello de Ourol","description":"Informaci\u00f3n y Servicios","publisher":{"@id":"https:\/\/concellodeourol.es\/#organization"},"potentialAction":[{"@type":"SearchAction","target":{"@type":"EntryPoint","urlTemplate":"https:\/\/concellodeourol.es\/?s={search_term_string}"},"query-input":{"@type":"PropertyValueSpecification","valueRequired":true,"valueName":"search_term_string"}}],"inLanguage":"es"},{"@type":"Organization","@id":"https:\/\/concellodeourol.es\/#organization","name":"Concello de Ourol","url":"https:\/\/concellodeourol.es\/","logo":{"@type":"ImageObject","inLanguage":"es","@id":"https:\/\/concellodeourol.es\/#\/schema\/logo\/image\/","url":"https:\/\/concellodeourol.es\/wp-content\/uploads\/2024\/05\/Escudo-Horizontal-concello-ourol.webp","contentUrl":"https:\/\/concellodeourol.es\/wp-content\/uploads\/2024\/05\/Escudo-Horizontal-concello-ourol.webp","width":450,"height":197,"caption":"Concello de Ourol"},"image":{"@id":"https:\/\/concellodeourol.es\/#\/schema\/logo\/image\/"},"sameAs":["https:\/\/www.facebook.com\/ConcelloOurol\/","https:\/\/www.instagram.com\/biblioourol\/?hl=es"]},{"@type":"Person","@id":"https:\/\/concellodeourol.es\/#\/schema\/person\/bad2d6a8103b29ef8076f98879fe69e1","name":"Concello","image":{"@type":"ImageObject","inLanguage":"es","@id":"https:\/\/concellodeourol.es\/#\/schema\/person\/image\/","url":"https:\/\/secure.gravatar.com\/avatar\/bdeed845a57046db85e873c0abfa53dd?s=96&d=mm&r=g","contentUrl":"https:\/\/secure.gravatar.com\/avatar\/bdeed845a57046db85e873c0abfa53dd?s=96&d=mm&r=g","caption":"Concello"},"url":"https:\/\/concellodeourol.es\/es\/author\/dalcore\/"}]}},"_links":{"self":[{"href":"https:\/\/concellodeourol.es\/es\/wp-json\/wp\/v2\/posts\/8396"}],"collection":[{"href":"https:\/\/concellodeourol.es\/es\/wp-json\/wp\/v2\/posts"}],"about":[{"href":"https:\/\/concellodeourol.es\/es\/wp-json\/wp\/v2\/types\/post"}],"author":[{"embeddable":true,"href":"https:\/\/concellodeourol.es\/es\/wp-json\/wp\/v2\/users\/1"}],"replies":[{"embeddable":true,"href":"https:\/\/concellodeourol.es\/es\/wp-json\/wp\/v2\/comments?post=8396"}],"version-history":[{"count":2,"href":"https:\/\/concellodeourol.es\/es\/wp-json\/wp\/v2\/posts\/8396\/revisions"}],"predecessor-version":[{"id":8400,"href":"https:\/\/concellodeourol.es\/es\/wp-json\/wp\/v2\/posts\/8396\/revisions\/8400"}],"wp:featuredmedia":[{"embeddable":true,"href":"https:\/\/concellodeourol.es\/es\/wp-json\/wp\/v2\/media\/8392"}],"wp:attachment":[{"href":"https:\/\/concellodeourol.es\/es\/wp-json\/wp\/v2\/media?parent=8396"}],"wp:term":[{"taxonomy":"category","embeddable":true,"href":"https:\/\/concellodeourol.es\/es\/wp-json\/wp\/v2\/categories?post=8396"},{"taxonomy":"post_tag","embeddable":true,"href":"https:\/\/concellodeourol.es\/es\/wp-json\/wp\/v2\/tags?post=8396"}],"curies":[{"name":"wp","href":"https:\/\/api.w.org\/{rel}","templated":true}]}}