{"id":6784,"date":"2024-05-15T15:21:36","date_gmt":"2024-05-15T15:21:36","guid":{"rendered":"https:\/\/concellodeourol.es\/?p=6784"},"modified":"2024-07-16T16:47:55","modified_gmt":"2024-07-16T16:47:55","slug":"teatro-17-de-maio-dia-das-letras-galegas","status":"publish","type":"post","link":"https:\/\/concellodeourol.es\/es\/teatro-17-de-maio-dia-das-letras-galegas\/","title":{"rendered":"Teatro 17 de maio. D\u00eda das letras galegas"},"content":{"rendered":"\t\t<div data-elementor-type=\"wp-post\" data-elementor-id=\"6784\" class=\"elementor elementor-6784\">\n\t\t\t\t\t\t<section class=\"elementor-section elementor-top-section elementor-element elementor-element-9913ffe elementor-section-boxed elementor-section-height-default elementor-section-height-default\" data-id=\"9913ffe\" data-element_type=\"section\">\n\t\t\t\t\t\t<div class=\"elementor-container elementor-column-gap-default\">\n\t\t\t\t\t<div class=\"elementor-column elementor-col-100 elementor-top-column elementor-element elementor-element-6da71d2\" data-id=\"6da71d2\" data-element_type=\"column\">\n\t\t\t<div class=\"elementor-widget-wrap elementor-element-populated\">\n\t\t\t\t\t\t<div class=\"elementor-element elementor-element-5a27fb4 elementor-widget elementor-widget-text-editor\" data-id=\"5a27fb4\" data-element_type=\"widget\" data-widget_type=\"text-editor.default\">\n\t\t\t\t<div class=\"elementor-widget-container\">\n\t\t\t<style>\/*! elementor - v3.21.0 - 08-05-2024 *\/\n.elementor-widget-text-editor.elementor-drop-cap-view-stacked .elementor-drop-cap{background-color:#69727d;color:#fff}.elementor-widget-text-editor.elementor-drop-cap-view-framed .elementor-drop-cap{color:#69727d;border:3px solid;background-color:transparent}.elementor-widget-text-editor:not(.elementor-drop-cap-view-default) .elementor-drop-cap{margin-top:8px}.elementor-widget-text-editor:not(.elementor-drop-cap-view-default) .elementor-drop-cap-letter{width:1em;height:1em}.elementor-widget-text-editor .elementor-drop-cap{float:left;text-align:center;line-height:1;font-size:50px}.elementor-widget-text-editor .elementor-drop-cap-letter{display:inline-block}<\/style>\t\t\t\t<p>O Vindeiro 17 de maio ter\u00e1 lugar no <strong>Centro Social de Merille<\/strong> a representaci\u00f3n da obra teatral &#8220;Vaia co pron\u00f3stico&#8221; do Grupo de Teatro Aturuxeiros&#8221; de Bravos.<\/p><p>Ser\u00e1 as <em>19:00 h.<\/em> Animamos a todas as persoas interesadas a acudir a esta representaci\u00f3n.<br class=\"html-br\" \/>A entrada \u00e9 gratu\u00edta.<\/p>\t\t\t\t\t\t<\/div>\n\t\t\t\t<\/div>\n\t\t\t\t<div class=\"elementor-element elementor-element-bdd5693 elementor-widget elementor-widget-image\" data-id=\"bdd5693\" data-element_type=\"widget\" data-widget_type=\"image.default\">\n\t\t\t\t<div class=\"elementor-widget-container\">\n\t\t\t<style>\/*! elementor - v3.21.0 - 08-05-2024 *\/\n.elementor-widget-image{text-align:center}.elementor-widget-image a{display:inline-block}.elementor-widget-image a img[src$=\".svg\"]{width:48px}.elementor-widget-image img{vertical-align:middle;display:inline-block}<\/style>\t\t\t\t\t\t\t\t\t\t<img fetchpriority=\"high\" decoding=\"async\" width=\"724\" height=\"1024\" src=\"https:\/\/concellodeourol.es\/wp-content\/uploads\/2024\/05\/dia-letras-galegas-724x1024.jpg\" class=\"attachment-large size-large wp-image-6788\" alt=\"\" srcset=\"https:\/\/concellodeourol.es\/wp-content\/uploads\/2024\/05\/dia-letras-galegas-724x1024.jpg 724w, https:\/\/concellodeourol.es\/wp-content\/uploads\/2024\/05\/dia-letras-galegas-212x300.jpg 212w, https:\/\/concellodeourol.es\/wp-content\/uploads\/2024\/05\/dia-letras-galegas-768x1086.jpg 768w, https:\/\/concellodeourol.es\/wp-content\/uploads\/2024\/05\/dia-letras-galegas-1086x1536.jpg 1086w, https:\/\/concellodeourol.es\/wp-content\/uploads\/2024\/05\/dia-letras-galegas-424x600.jpg 424w, https:\/\/concellodeourol.es\/wp-content\/uploads\/2024\/05\/dia-letras-galegas-396x560.jpg 396w, https:\/\/concellodeourol.es\/wp-content\/uploads\/2024\/05\/dia-letras-galegas-600x849.jpg 600w, https:\/\/concellodeourol.es\/wp-content\/uploads\/2024\/05\/dia-letras-galegas.jpg 1414w\" sizes=\"(max-width: 724px) 100vw, 724px\" \/>\t\t\t\t\t\t\t\t\t\t\t\t\t<\/div>\n\t\t\t\t<\/div>\n\t\t\t\t\t<\/div>\n\t\t<\/div>\n\t\t\t\t\t<\/div>\n\t\t<\/section>\n\t\t\t\t<\/div>\n\t\t","protected":false},"excerpt":{"rendered":"<p>O Vindeiro 17 de maio ter\u00e1 lugar no Centro Social de Merille a representaci\u00f3n da obra teatral &#8220;Vaia co pron\u00f3stico&#8221; do Grupo de Teatro Aturuxeiros&#8221; de Bravos. Ser\u00e1 as 19:00 h. Animamos a todas as persoas interesadas a acudir a esta representaci\u00f3n.A entrada \u00e9 gratu\u00edta.<\/p>\n","protected":false},"author":1,"featured_media":6788,"comment_status":"closed","ping_status":"closed","sticky":false,"template":"","format":"standard","meta":{"footnotes":""},"categories":[135],"tags":[134,133],"class_list":["post-6784","post","type-post","status-publish","format-standard","has-post-thumbnail","hentry","category-espectaculos","tag-merille","tag-teatro"],"yoast_head":"<!-- This site is optimized with the Yoast SEO plugin v25.0 - https:\/\/yoast.com\/wordpress\/plugins\/seo\/ -->\n<title>Teatro 17 de maio. D\u00eda das letras galegas - Concello de Ourol<\/title>\n<meta name=\"robots\" content=\"index, follow, max-snippet:-1, max-image-preview:large, max-video-preview:-1\" \/>\n<link rel=\"canonical\" href=\"https:\/\/concellodeourol.es\/teatro-17-de-maio-dia-das-letras-galegas\/\" \/>\n<meta property=\"og:locale\" content=\"es_ES\" \/>\n<meta property=\"og:type\" content=\"article\" \/>\n<meta property=\"og:title\" content=\"Teatro 17 de maio. D\u00eda das letras galegas - Concello de Ourol\" \/>\n<meta property=\"og:description\" content=\"O Vindeiro 17 de maio ter\u00e1 lugar no Centro Social de Merille a representaci\u00f3n da obra teatral &#8220;Vaia co pron\u00f3stico&#8221; do Grupo de Teatro Aturuxeiros&#8221; de Bravos. Ser\u00e1 as 19:00 h. Animamos a todas as persoas interesadas a acudir a esta representaci\u00f3n.A entrada \u00e9 gratu\u00edta.\" \/>\n<meta property=\"og:url\" content=\"https:\/\/concellodeourol.es\/teatro-17-de-maio-dia-das-letras-galegas\/\" \/>\n<meta property=\"og:site_name\" content=\"Concello de Ourol\" \/>\n<meta property=\"article:publisher\" content=\"https:\/\/www.facebook.com\/ConcelloOurol\/\" \/>\n<meta property=\"article:published_time\" content=\"2024-05-15T15:21:36+00:00\" \/>\n<meta property=\"article:modified_time\" content=\"2024-07-16T16:47:55+00:00\" \/>\n<meta property=\"og:image\" content=\"https:\/\/concellodeourol.es\/wp-content\/uploads\/2024\/05\/dia-letras-galegas.jpg\" \/>\n\t<meta property=\"og:image:width\" content=\"1414\" \/>\n\t<meta property=\"og:image:height\" content=\"2000\" \/>\n\t<meta property=\"og:image:type\" content=\"image\/jpeg\" \/>\n<meta name=\"author\" content=\"Concello\" \/>\n<meta name=\"twitter:card\" content=\"summary_large_image\" \/>\n<meta name=\"twitter:label1\" content=\"Escrito por\" \/>\n\t<meta name=\"twitter:data1\" content=\"Concello\" \/>\n<script type=\"application\/ld+json\" class=\"yoast-schema-graph\">{\"@context\":\"https:\/\/schema.org\",\"@graph\":[{\"@type\":\"Article\",\"@id\":\"https:\/\/concellodeourol.es\/teatro-17-de-maio-dia-das-letras-galegas\/#article\",\"isPartOf\":{\"@id\":\"https:\/\/concellodeourol.es\/teatro-17-de-maio-dia-das-letras-galegas\/\"},\"author\":{\"name\":\"Concello\",\"@id\":\"https:\/\/concellodeourol.es\/#\/schema\/person\/bad2d6a8103b29ef8076f98879fe69e1\"},\"headline\":\"Teatro 17 de maio. D\u00eda das letras galegas\",\"datePublished\":\"2024-05-15T15:21:36+00:00\",\"dateModified\":\"2024-07-16T16:47:55+00:00\",\"mainEntityOfPage\":{\"@id\":\"https:\/\/concellodeourol.es\/teatro-17-de-maio-dia-das-letras-galegas\/\"},\"wordCount\":55,\"publisher\":{\"@id\":\"https:\/\/concellodeourol.es\/#organization\"},\"image\":{\"@id\":\"https:\/\/concellodeourol.es\/teatro-17-de-maio-dia-das-letras-galegas\/#primaryimage\"},\"thumbnailUrl\":\"https:\/\/concellodeourol.es\/wp-content\/uploads\/2024\/05\/dia-letras-galegas.jpg\",\"keywords\":[\"Merille\",\"Teatro\"],\"articleSection\":[\"Espect\u00e1culos\"],\"inLanguage\":\"es\"},{\"@type\":\"WebPage\",\"@id\":\"https:\/\/concellodeourol.es\/teatro-17-de-maio-dia-das-letras-galegas\/\",\"url\":\"https:\/\/concellodeourol.es\/teatro-17-de-maio-dia-das-letras-galegas\/\",\"name\":\"Teatro 17 de maio. D\u00eda das letras galegas - Concello de Ourol\",\"isPartOf\":{\"@id\":\"https:\/\/concellodeourol.es\/#website\"},\"primaryImageOfPage\":{\"@id\":\"https:\/\/concellodeourol.es\/teatro-17-de-maio-dia-das-letras-galegas\/#primaryimage\"},\"image\":{\"@id\":\"https:\/\/concellodeourol.es\/teatro-17-de-maio-dia-das-letras-galegas\/#primaryimage\"},\"thumbnailUrl\":\"https:\/\/concellodeourol.es\/wp-content\/uploads\/2024\/05\/dia-letras-galegas.jpg\",\"datePublished\":\"2024-05-15T15:21:36+00:00\",\"dateModified\":\"2024-07-16T16:47:55+00:00\",\"breadcrumb\":{\"@id\":\"https:\/\/concellodeourol.es\/teatro-17-de-maio-dia-das-letras-galegas\/#breadcrumb\"},\"inLanguage\":\"es\",\"potentialAction\":[{\"@type\":\"ReadAction\",\"target\":[\"https:\/\/concellodeourol.es\/teatro-17-de-maio-dia-das-letras-galegas\/\"]}]},{\"@type\":\"ImageObject\",\"inLanguage\":\"es\",\"@id\":\"https:\/\/concellodeourol.es\/teatro-17-de-maio-dia-das-letras-galegas\/#primaryimage\",\"url\":\"https:\/\/concellodeourol.es\/wp-content\/uploads\/2024\/05\/dia-letras-galegas.jpg\",\"contentUrl\":\"https:\/\/concellodeourol.es\/wp-content\/uploads\/2024\/05\/dia-letras-galegas.jpg\",\"width\":1414,\"height\":2000},{\"@type\":\"BreadcrumbList\",\"@id\":\"https:\/\/concellodeourol.es\/teatro-17-de-maio-dia-das-letras-galegas\/#breadcrumb\",\"itemListElement\":[{\"@type\":\"ListItem\",\"position\":1,\"name\":\"Inicio\",\"item\":\"https:\/\/concellodeourol.es\/es\/\"},{\"@type\":\"ListItem\",\"position\":2,\"name\":\"Teatro 17 de maio. D\u00eda das letras galegas\"}]},{\"@type\":\"WebSite\",\"@id\":\"https:\/\/concellodeourol.es\/#website\",\"url\":\"https:\/\/concellodeourol.es\/\",\"name\":\"Concello de Ourol\",\"description\":\"Informaci\u00f3n y Servicios\",\"publisher\":{\"@id\":\"https:\/\/concellodeourol.es\/#organization\"},\"potentialAction\":[{\"@type\":\"SearchAction\",\"target\":{\"@type\":\"EntryPoint\",\"urlTemplate\":\"https:\/\/concellodeourol.es\/?s={search_term_string}\"},\"query-input\":{\"@type\":\"PropertyValueSpecification\",\"valueRequired\":true,\"valueName\":\"search_term_string\"}}],\"inLanguage\":\"es\"},{\"@type\":\"Organization\",\"@id\":\"https:\/\/concellodeourol.es\/#organization\",\"name\":\"Concello de Ourol\",\"url\":\"https:\/\/concellodeourol.es\/\",\"logo\":{\"@type\":\"ImageObject\",\"inLanguage\":\"es\",\"@id\":\"https:\/\/concellodeourol.es\/#\/schema\/logo\/image\/\",\"url\":\"https:\/\/concellodeourol.es\/wp-content\/uploads\/2024\/05\/Escudo-Horizontal-concello-ourol.webp\",\"contentUrl\":\"https:\/\/concellodeourol.es\/wp-content\/uploads\/2024\/05\/Escudo-Horizontal-concello-ourol.webp\",\"width\":450,\"height\":197,\"caption\":\"Concello de Ourol\"},\"image\":{\"@id\":\"https:\/\/concellodeourol.es\/#\/schema\/logo\/image\/\"},\"sameAs\":[\"https:\/\/www.facebook.com\/ConcelloOurol\/\",\"https:\/\/www.instagram.com\/biblioourol\/?hl=es\"]},{\"@type\":\"Person\",\"@id\":\"https:\/\/concellodeourol.es\/#\/schema\/person\/bad2d6a8103b29ef8076f98879fe69e1\",\"name\":\"Concello\",\"image\":{\"@type\":\"ImageObject\",\"inLanguage\":\"es\",\"@id\":\"https:\/\/concellodeourol.es\/#\/schema\/person\/image\/\",\"url\":\"https:\/\/secure.gravatar.com\/avatar\/bdeed845a57046db85e873c0abfa53dd?s=96&d=mm&r=g\",\"contentUrl\":\"https:\/\/secure.gravatar.com\/avatar\/bdeed845a57046db85e873c0abfa53dd?s=96&d=mm&r=g\",\"caption\":\"Concello\"},\"url\":\"https:\/\/concellodeourol.es\/es\/author\/dalcore\/\"}]}<\/script>\n<!-- \/ Yoast SEO plugin. -->","yoast_head_json":{"title":"Teatro 17 de maio. D\u00eda das letras galegas - Concello de Ourol","robots":{"index":"index","follow":"follow","max-snippet":"max-snippet:-1","max-image-preview":"max-image-preview:large","max-video-preview":"max-video-preview:-1"},"canonical":"https:\/\/concellodeourol.es\/teatro-17-de-maio-dia-das-letras-galegas\/","og_locale":"es_ES","og_type":"article","og_title":"Teatro 17 de maio. D\u00eda das letras galegas - Concello de Ourol","og_description":"O Vindeiro 17 de maio ter\u00e1 lugar no Centro Social de Merille a representaci\u00f3n da obra teatral &#8220;Vaia co pron\u00f3stico&#8221; do Grupo de Teatro Aturuxeiros&#8221; de Bravos. Ser\u00e1 as 19:00 h. Animamos a todas as persoas interesadas a acudir a esta representaci\u00f3n.A entrada \u00e9 gratu\u00edta.","og_url":"https:\/\/concellodeourol.es\/teatro-17-de-maio-dia-das-letras-galegas\/","og_site_name":"Concello de Ourol","article_publisher":"https:\/\/www.facebook.com\/ConcelloOurol\/","article_published_time":"2024-05-15T15:21:36+00:00","article_modified_time":"2024-07-16T16:47:55+00:00","og_image":[{"width":1414,"height":2000,"url":"https:\/\/concellodeourol.es\/wp-content\/uploads\/2024\/05\/dia-letras-galegas.jpg","type":"image\/jpeg"}],"author":"Concello","twitter_card":"summary_large_image","twitter_misc":{"Escrito por":"Concello"},"schema":{"@context":"https:\/\/schema.org","@graph":[{"@type":"Article","@id":"https:\/\/concellodeourol.es\/teatro-17-de-maio-dia-das-letras-galegas\/#article","isPartOf":{"@id":"https:\/\/concellodeourol.es\/teatro-17-de-maio-dia-das-letras-galegas\/"},"author":{"name":"Concello","@id":"https:\/\/concellodeourol.es\/#\/schema\/person\/bad2d6a8103b29ef8076f98879fe69e1"},"headline":"Teatro 17 de maio. D\u00eda das letras galegas","datePublished":"2024-05-15T15:21:36+00:00","dateModified":"2024-07-16T16:47:55+00:00","mainEntityOfPage":{"@id":"https:\/\/concellodeourol.es\/teatro-17-de-maio-dia-das-letras-galegas\/"},"wordCount":55,"publisher":{"@id":"https:\/\/concellodeourol.es\/#organization"},"image":{"@id":"https:\/\/concellodeourol.es\/teatro-17-de-maio-dia-das-letras-galegas\/#primaryimage"},"thumbnailUrl":"https:\/\/concellodeourol.es\/wp-content\/uploads\/2024\/05\/dia-letras-galegas.jpg","keywords":["Merille","Teatro"],"articleSection":["Espect\u00e1culos"],"inLanguage":"es"},{"@type":"WebPage","@id":"https:\/\/concellodeourol.es\/teatro-17-de-maio-dia-das-letras-galegas\/","url":"https:\/\/concellodeourol.es\/teatro-17-de-maio-dia-das-letras-galegas\/","name":"Teatro 17 de maio. D\u00eda das letras galegas - Concello de Ourol","isPartOf":{"@id":"https:\/\/concellodeourol.es\/#website"},"primaryImageOfPage":{"@id":"https:\/\/concellodeourol.es\/teatro-17-de-maio-dia-das-letras-galegas\/#primaryimage"},"image":{"@id":"https:\/\/concellodeourol.es\/teatro-17-de-maio-dia-das-letras-galegas\/#primaryimage"},"thumbnailUrl":"https:\/\/concellodeourol.es\/wp-content\/uploads\/2024\/05\/dia-letras-galegas.jpg","datePublished":"2024-05-15T15:21:36+00:00","dateModified":"2024-07-16T16:47:55+00:00","breadcrumb":{"@id":"https:\/\/concellodeourol.es\/teatro-17-de-maio-dia-das-letras-galegas\/#breadcrumb"},"inLanguage":"es","potentialAction":[{"@type":"ReadAction","target":["https:\/\/concellodeourol.es\/teatro-17-de-maio-dia-das-letras-galegas\/"]}]},{"@type":"ImageObject","inLanguage":"es","@id":"https:\/\/concellodeourol.es\/teatro-17-de-maio-dia-das-letras-galegas\/#primaryimage","url":"https:\/\/concellodeourol.es\/wp-content\/uploads\/2024\/05\/dia-letras-galegas.jpg","contentUrl":"https:\/\/concellodeourol.es\/wp-content\/uploads\/2024\/05\/dia-letras-galegas.jpg","width":1414,"height":2000},{"@type":"BreadcrumbList","@id":"https:\/\/concellodeourol.es\/teatro-17-de-maio-dia-das-letras-galegas\/#breadcrumb","itemListElement":[{"@type":"ListItem","position":1,"name":"Inicio","item":"https:\/\/concellodeourol.es\/es\/"},{"@type":"ListItem","position":2,"name":"Teatro 17 de maio. D\u00eda das letras galegas"}]},{"@type":"WebSite","@id":"https:\/\/concellodeourol.es\/#website","url":"https:\/\/concellodeourol.es\/","name":"Concello de Ourol","description":"Informaci\u00f3n y Servicios","publisher":{"@id":"https:\/\/concellodeourol.es\/#organization"},"potentialAction":[{"@type":"SearchAction","target":{"@type":"EntryPoint","urlTemplate":"https:\/\/concellodeourol.es\/?s={search_term_string}"},"query-input":{"@type":"PropertyValueSpecification","valueRequired":true,"valueName":"search_term_string"}}],"inLanguage":"es"},{"@type":"Organization","@id":"https:\/\/concellodeourol.es\/#organization","name":"Concello de Ourol","url":"https:\/\/concellodeourol.es\/","logo":{"@type":"ImageObject","inLanguage":"es","@id":"https:\/\/concellodeourol.es\/#\/schema\/logo\/image\/","url":"https:\/\/concellodeourol.es\/wp-content\/uploads\/2024\/05\/Escudo-Horizontal-concello-ourol.webp","contentUrl":"https:\/\/concellodeourol.es\/wp-content\/uploads\/2024\/05\/Escudo-Horizontal-concello-ourol.webp","width":450,"height":197,"caption":"Concello de Ourol"},"image":{"@id":"https:\/\/concellodeourol.es\/#\/schema\/logo\/image\/"},"sameAs":["https:\/\/www.facebook.com\/ConcelloOurol\/","https:\/\/www.instagram.com\/biblioourol\/?hl=es"]},{"@type":"Person","@id":"https:\/\/concellodeourol.es\/#\/schema\/person\/bad2d6a8103b29ef8076f98879fe69e1","name":"Concello","image":{"@type":"ImageObject","inLanguage":"es","@id":"https:\/\/concellodeourol.es\/#\/schema\/person\/image\/","url":"https:\/\/secure.gravatar.com\/avatar\/bdeed845a57046db85e873c0abfa53dd?s=96&d=mm&r=g","contentUrl":"https:\/\/secure.gravatar.com\/avatar\/bdeed845a57046db85e873c0abfa53dd?s=96&d=mm&r=g","caption":"Concello"},"url":"https:\/\/concellodeourol.es\/es\/author\/dalcore\/"}]}},"_links":{"self":[{"href":"https:\/\/concellodeourol.es\/es\/wp-json\/wp\/v2\/posts\/6784"}],"collection":[{"href":"https:\/\/concellodeourol.es\/es\/wp-json\/wp\/v2\/posts"}],"about":[{"href":"https:\/\/concellodeourol.es\/es\/wp-json\/wp\/v2\/types\/post"}],"author":[{"embeddable":true,"href":"https:\/\/concellodeourol.es\/es\/wp-json\/wp\/v2\/users\/1"}],"replies":[{"embeddable":true,"href":"https:\/\/concellodeourol.es\/es\/wp-json\/wp\/v2\/comments?post=6784"}],"version-history":[{"count":22,"href":"https:\/\/concellodeourol.es\/es\/wp-json\/wp\/v2\/posts\/6784\/revisions"}],"predecessor-version":[{"id":7431,"href":"https:\/\/concellodeourol.es\/es\/wp-json\/wp\/v2\/posts\/6784\/revisions\/7431"}],"wp:featuredmedia":[{"embeddable":true,"href":"https:\/\/concellodeourol.es\/es\/wp-json\/wp\/v2\/media\/6788"}],"wp:attachment":[{"href":"https:\/\/concellodeourol.es\/es\/wp-json\/wp\/v2\/media?parent=6784"}],"wp:term":[{"taxonomy":"category","embeddable":true,"href":"https:\/\/concellodeourol.es\/es\/wp-json\/wp\/v2\/categories?post=6784"},{"taxonomy":"post_tag","embeddable":true,"href":"https:\/\/concellodeourol.es\/es\/wp-json\/wp\/v2\/tags?post=6784"}],"curies":[{"name":"wp","href":"https:\/\/api.w.org\/{rel}","templated":true}]}}